{"id":3380,"date":"2018-09-05T00:00:00","date_gmt":"2018-09-04T22:00:00","guid":{"rendered":"http:\/\/consultoriamit.com\/punto-lila-en-castelldefels-solo-si-digo-si-es-si\/"},"modified":"2025-05-08T20:33:07","modified_gmt":"2025-05-08T18:33:07","slug":"punto-lila-en-castelldefels-solo-si-digo-si-es-si","status":"publish","type":"post","link":"https:\/\/consultoriamit.com\/es\/punto-lila-en-castelldefels-solo-si-digo-si-es-si\/","title":{"rendered":"Punto Lila en Castelldefels: S\u00f3lo si digo s\u00ed es s\u00ed"},"content":{"rendered":"<p><strong>El ayuntamiento de Castelldefels en colaboraci\u00f3n con la consultor\u00eda MiT pone en marcha dos Puntos Lilas durante la Fiesta Mayor.<\/strong><\/p>\n<p>S\u00f3lo si digo s\u00ed, es s\u00ed, bajo este lema el Ayuntamiento de Castelldefels dispuso de dos Puntos Lilas para hacer pedagog\u00eda y atender cualquier tipo de denuncia de acoso y \/ o agresi\u00f3n sexista y LGTBif\u00f2bica.<\/p>\n<p>El equipo de MIT, con formaci\u00f3n espec\u00edfica en g\u00e9nero y LGTBI fue el encargado de facilitar todo el apoyo los d\u00edas 11 al 15 de agosto en la Fiesta Mayor de Verano de Castelldefels.<\/p>\n\n\t\t<style type=\"text\/css\">\n\t\t\t#gallery-1 {\n\t\t\t\tmargin: auto;\n\t\t\t}\n\t\t\t#gallery-1 .gallery-item {\n\t\t\t\tfloat: left;\n\t\t\t\tmargin-top: 10px;\n\t\t\t\ttext-align: center;\n\t\t\t\twidth: 50%;\n\t\t\t}\n\t\t\t#gallery-1 img {\n\t\t\t\tborder: 2px solid #cfcfcf;\n\t\t\t}\n\t\t\t#gallery-1 .gallery-caption {\n\t\t\t\tmargin-left: 0;\n\t\t\t}\n\t\t\t\/* see gallery_shortcode() in wp-includes\/media.php *\/\n\t\t<\/style>\n\t\t<div id='gallery-1' class='gallery galleryid-3380 gallery-columns-2 gallery-size-medium'><dl class='gallery-item'>\n\t\t\t<dt class='gallery-icon portrait'>\n\t\t\t\t<a href='https:\/\/consultoriamit.com\/es\/conferencia-inspiracional-sobre-liderazgo-feminista-en-la-ii-edicion-emprenedona-para-impulsar-la-creacion-y-consolidacion-de-negocios-liderados-por-mujeres\/subiir-castellano\/'><img width=\"278\" height=\"300\" src=\"https:\/\/consultoriamit.com\/wp-content\/uploads\/2022\/07\/subiir-castellano-278x300.jpg\" class=\"attachment-medium size-medium\" alt=\"\" loading=\"lazy\" srcset=\"https:\/\/consultoriamit.com\/wp-content\/uploads\/2022\/07\/subiir-castellano-278x300.jpg 278w, https:\/\/consultoriamit.com\/wp-content\/uploads\/2022\/07\/subiir-castellano.jpg 632w\" sizes=\"(max-width: 278px) 100vw, 278px\" \/><\/a>\n\t\t\t<\/dt><\/dl>\n\t\t\t<br style='clear: both' \/>\n\t\t<\/div>\n\n<p><strong>Los Puntos Lilas son puntos de informaci\u00f3n y asesoramiento para atender casos de agresi\u00f3n o discriminaci\u00f3n sexual.<\/strong> En estos puntos se pod\u00eda encontrar informaci\u00f3n sobre qu\u00e9 es y qu\u00e9 hacer frente a las violencias machistas y c\u00f3mo actuar en caso de denuncia de una agresi\u00f3n proporcionando una r\u00e1pida respuesta.<\/p>\n<p>A nivel de datos, fueron informadas un total de 4.131 personas, de las cuales el 64% eran mujeres y el restante 36% hombres. Del conjunto, el 50% fueron menores de 18 a\u00f1os que mostraron mucho inter\u00e9s y concienciaci\u00f3n para disfrutar de una fiesta mayor libre de ninguna agresi\u00f3n sexista ni LGTBIf\u00f2bica.<\/p>\n","protected":false},"excerpt":{"rendered":"<p>El ayuntamiento de Castelldefels en colaboraci\u00f3n con la consultor\u00eda MiT pone en marcha dos Puntos Lilas durante la Fiesta Mayor. S\u00f3lo si digo s\u00ed, es s\u00ed, bajo este lema el Ayuntamiento de Castelldefels dispuso de dos Puntos Lilas para hacer pedagog\u00eda y atender cualquier tipo de denuncia de acoso y \/ o agresi\u00f3n sexista y [&hellip;]<\/p>\n","protected":false},"author":2,"featured_media":1880,"comment_status":"open","ping_status":"open","sticky":false,"template":"","format":"standard","meta":[],"categories":[367,615,357,344],"tags":[567,592],"acf":[],"yoast_head":"<!-- This site is optimized with the Yoast SEO plugin v18.5.1 - https:\/\/yoast.com\/wordpress\/plugins\/seo\/ -->\n<title>Punto Lila en Castelldefels: S\u00f3lo si digo s\u00ed es s\u00ed &raquo; Consultoria MiT<\/title>\n<meta name=\"robots\" content=\"index, follow, max-snippet:-1, max-image-preview:large, max-video-preview:-1\" \/>\n<link rel=\"canonical\" href=\"https:\/\/consultoriamit.com\/es\/punto-lila-en-castelldefels-solo-si-digo-si-es-si\/\" \/>\n<meta property=\"og:locale\" content=\"es_ES\" \/>\n<meta property=\"og:type\" content=\"article\" \/>\n<meta property=\"og:title\" content=\"Punto Lila en Castelldefels: S\u00f3lo si digo s\u00ed es s\u00ed &raquo; Consultoria MiT\" \/>\n<meta property=\"og:description\" content=\"El ayuntamiento de Castelldefels en colaboraci\u00f3n con la consultor\u00eda MiT pone en marcha dos Puntos Lilas durante la Fiesta Mayor. S\u00f3lo si digo s\u00ed, es s\u00ed, bajo este lema el Ayuntamiento de Castelldefels dispuso de dos Puntos Lilas para hacer pedagog\u00eda y atender cualquier tipo de denuncia de acoso y \/ o agresi\u00f3n sexista y [&hellip;]\" \/>\n<meta property=\"og:url\" content=\"https:\/\/consultoriamit.com\/es\/punto-lila-en-castelldefels-solo-si-digo-si-es-si\/\" \/>\n<meta property=\"og:site_name\" content=\"Consultoria MiT\" \/>\n<meta property=\"article:published_time\" content=\"2018-09-04T22:00:00+00:00\" \/>\n<meta property=\"article:modified_time\" content=\"2025-05-08T18:33:07+00:00\" \/>\n<meta property=\"og:image\" content=\"https:\/\/consultoriamit.com\/wp-content\/uploads\/2018\/09\/42278475110_6639298c11_z-1.jpg\" \/>\n\t<meta property=\"og:image:width\" content=\"640\" \/>\n\t<meta property=\"og:image:height\" content=\"427\" \/>\n\t<meta property=\"og:image:type\" content=\"image\/jpeg\" \/>\n<meta name=\"twitter:card\" content=\"summary_large_image\" \/>\n<meta name=\"twitter:creator\" content=\"@CONSULTORIAMiT\" \/>\n<meta name=\"twitter:site\" content=\"@CONSULTORIAMiT\" \/>\n<meta name=\"twitter:label1\" content=\"Escrito por\" \/>\n\t<meta name=\"twitter:data1\" content=\"Luan\" \/>\n\t<meta name=\"twitter:label2\" content=\"Tiempo de lectura\" \/>\n\t<meta name=\"twitter:data2\" content=\"2 minutos\" \/>\n<script type=\"application\/ld+json\" class=\"yoast-schema-graph\">{\"@context\":\"https:\/\/schema.org\",\"@graph\":[{\"@type\":\"WebSite\",\"@id\":\"https:\/\/consultoriamit.com\/es\/#website\",\"url\":\"https:\/\/consultoriamit.com\/es\/\",\"name\":\"Consultoria Mit\",\"description\":\"Consultoria M\u00e8todes i T\u00e8cniques Aplicades\",\"potentialAction\":[{\"@type\":\"SearchAction\",\"target\":{\"@type\":\"EntryPoint\",\"urlTemplate\":\"https:\/\/consultoriamit.com\/es\/?s={search_term_string}\"},\"query-input\":\"required name=search_term_string\"}],\"inLanguage\":\"es\"},{\"@type\":\"ImageObject\",\"@id\":\"https:\/\/consultoriamit.com\/es\/punto-lila-en-castelldefels-solo-si-digo-si-es-si\/#primaryimage\",\"inLanguage\":\"es\",\"url\":\"https:\/\/consultoriamit.com\/wp-content\/uploads\/2018\/09\/42278475110_6639298c11_z-1.jpg\",\"contentUrl\":\"https:\/\/consultoriamit.com\/wp-content\/uploads\/2018\/09\/42278475110_6639298c11_z-1.jpg\",\"width\":640,\"height\":427},{\"@type\":\"WebPage\",\"@id\":\"https:\/\/consultoriamit.com\/es\/punto-lila-en-castelldefels-solo-si-digo-si-es-si\/#webpage\",\"url\":\"https:\/\/consultoriamit.com\/es\/punto-lila-en-castelldefels-solo-si-digo-si-es-si\/\",\"name\":\"Punto Lila en Castelldefels: S\u00f3lo si digo s\u00ed es s\u00ed &raquo; Consultoria MiT\",\"isPartOf\":{\"@id\":\"https:\/\/consultoriamit.com\/es\/#website\"},\"primaryImageOfPage\":{\"@id\":\"https:\/\/consultoriamit.com\/es\/punto-lila-en-castelldefels-solo-si-digo-si-es-si\/#primaryimage\"},\"datePublished\":\"2018-09-04T22:00:00+00:00\",\"dateModified\":\"2025-05-08T18:33:07+00:00\",\"author\":{\"@id\":\"https:\/\/consultoriamit.com\/es\/#\/schema\/person\/c98ae0dea2dfdc288f15766a183f6a74\"},\"breadcrumb\":{\"@id\":\"https:\/\/consultoriamit.com\/es\/punto-lila-en-castelldefels-solo-si-digo-si-es-si\/#breadcrumb\"},\"inLanguage\":\"es\",\"potentialAction\":[{\"@type\":\"ReadAction\",\"target\":[\"https:\/\/consultoriamit.com\/es\/punto-lila-en-castelldefels-solo-si-digo-si-es-si\/\"]}]},{\"@type\":\"BreadcrumbList\",\"@id\":\"https:\/\/consultoriamit.com\/es\/punto-lila-en-castelldefels-solo-si-digo-si-es-si\/#breadcrumb\",\"itemListElement\":[{\"@type\":\"ListItem\",\"position\":1,\"name\":\"Inici\",\"item\":\"https:\/\/consultoriamit.com\/es\/inicio\/\"},{\"@type\":\"ListItem\",\"position\":2,\"name\":\"Punto Lila en Castelldefels: S\u00f3lo si digo s\u00ed es s\u00ed\"}]},{\"@type\":\"Person\",\"@id\":\"https:\/\/consultoriamit.com\/es\/#\/schema\/person\/c98ae0dea2dfdc288f15766a183f6a74\",\"name\":\"Luan\",\"image\":{\"@type\":\"ImageObject\",\"@id\":\"https:\/\/consultoriamit.com\/es\/#personlogo\",\"inLanguage\":\"es\",\"url\":\"https:\/\/secure.gravatar.com\/avatar\/390919a9f05beb6317693a580b391f34?s=96&d=mm&r=g\",\"contentUrl\":\"https:\/\/secure.gravatar.com\/avatar\/390919a9f05beb6317693a580b391f34?s=96&d=mm&r=g\",\"caption\":\"Luan\"}}]}<\/script>\n<!-- \/ Yoast SEO plugin. -->","yoast_head_json":{"title":"Punto Lila en Castelldefels: S\u00f3lo si digo s\u00ed es s\u00ed &raquo; Consultoria MiT","robots":{"index":"index","follow":"follow","max-snippet":"max-snippet:-1","max-image-preview":"max-image-preview:large","max-video-preview":"max-video-preview:-1"},"canonical":"https:\/\/consultoriamit.com\/es\/punto-lila-en-castelldefels-solo-si-digo-si-es-si\/","og_locale":"es_ES","og_type":"article","og_title":"Punto Lila en Castelldefels: S\u00f3lo si digo s\u00ed es s\u00ed &raquo; Consultoria MiT","og_description":"El ayuntamiento de Castelldefels en colaboraci\u00f3n con la consultor\u00eda MiT pone en marcha dos Puntos Lilas durante la Fiesta Mayor. S\u00f3lo si digo s\u00ed, es s\u00ed, bajo este lema el Ayuntamiento de Castelldefels dispuso de dos Puntos Lilas para hacer pedagog\u00eda y atender cualquier tipo de denuncia de acoso y \/ o agresi\u00f3n sexista y [&hellip;]","og_url":"https:\/\/consultoriamit.com\/es\/punto-lila-en-castelldefels-solo-si-digo-si-es-si\/","og_site_name":"Consultoria MiT","article_published_time":"2018-09-04T22:00:00+00:00","article_modified_time":"2025-05-08T18:33:07+00:00","og_image":[{"width":640,"height":427,"url":"https:\/\/consultoriamit.com\/wp-content\/uploads\/2018\/09\/42278475110_6639298c11_z-1.jpg","type":"image\/jpeg"}],"twitter_card":"summary_large_image","twitter_creator":"@CONSULTORIAMiT","twitter_site":"@CONSULTORIAMiT","twitter_misc":{"Escrito por":"Luan","Tiempo de lectura":"2 minutos"},"schema":{"@context":"https:\/\/schema.org","@graph":[{"@type":"WebSite","@id":"https:\/\/consultoriamit.com\/es\/#website","url":"https:\/\/consultoriamit.com\/es\/","name":"Consultoria Mit","description":"Consultoria M\u00e8todes i T\u00e8cniques Aplicades","potentialAction":[{"@type":"SearchAction","target":{"@type":"EntryPoint","urlTemplate":"https:\/\/consultoriamit.com\/es\/?s={search_term_string}"},"query-input":"required name=search_term_string"}],"inLanguage":"es"},{"@type":"ImageObject","@id":"https:\/\/consultoriamit.com\/es\/punto-lila-en-castelldefels-solo-si-digo-si-es-si\/#primaryimage","inLanguage":"es","url":"https:\/\/consultoriamit.com\/wp-content\/uploads\/2018\/09\/42278475110_6639298c11_z-1.jpg","contentUrl":"https:\/\/consultoriamit.com\/wp-content\/uploads\/2018\/09\/42278475110_6639298c11_z-1.jpg","width":640,"height":427},{"@type":"WebPage","@id":"https:\/\/consultoriamit.com\/es\/punto-lila-en-castelldefels-solo-si-digo-si-es-si\/#webpage","url":"https:\/\/consultoriamit.com\/es\/punto-lila-en-castelldefels-solo-si-digo-si-es-si\/","name":"Punto Lila en Castelldefels: S\u00f3lo si digo s\u00ed es s\u00ed &raquo; Consultoria MiT","isPartOf":{"@id":"https:\/\/consultoriamit.com\/es\/#website"},"primaryImageOfPage":{"@id":"https:\/\/consultoriamit.com\/es\/punto-lila-en-castelldefels-solo-si-digo-si-es-si\/#primaryimage"},"datePublished":"2018-09-04T22:00:00+00:00","dateModified":"2025-05-08T18:33:07+00:00","author":{"@id":"https:\/\/consultoriamit.com\/es\/#\/schema\/person\/c98ae0dea2dfdc288f15766a183f6a74"},"breadcrumb":{"@id":"https:\/\/consultoriamit.com\/es\/punto-lila-en-castelldefels-solo-si-digo-si-es-si\/#breadcrumb"},"inLanguage":"es","potentialAction":[{"@type":"ReadAction","target":["https:\/\/consultoriamit.com\/es\/punto-lila-en-castelldefels-solo-si-digo-si-es-si\/"]}]},{"@type":"BreadcrumbList","@id":"https:\/\/consultoriamit.com\/es\/punto-lila-en-castelldefels-solo-si-digo-si-es-si\/#breadcrumb","itemListElement":[{"@type":"ListItem","position":1,"name":"Inici","item":"https:\/\/consultoriamit.com\/es\/inicio\/"},{"@type":"ListItem","position":2,"name":"Punto Lila en Castelldefels: S\u00f3lo si digo s\u00ed es s\u00ed"}]},{"@type":"Person","@id":"https:\/\/consultoriamit.com\/es\/#\/schema\/person\/c98ae0dea2dfdc288f15766a183f6a74","name":"Luan","image":{"@type":"ImageObject","@id":"https:\/\/consultoriamit.com\/es\/#personlogo","inLanguage":"es","url":"https:\/\/secure.gravatar.com\/avatar\/390919a9f05beb6317693a580b391f34?s=96&d=mm&r=g","contentUrl":"https:\/\/secure.gravatar.com\/avatar\/390919a9f05beb6317693a580b391f34?s=96&d=mm&r=g","caption":"Luan"}}]}},"_links":{"self":[{"href":"https:\/\/consultoriamit.com\/es\/wp-json\/wp\/v2\/posts\/3380"}],"collection":[{"href":"https:\/\/consultoriamit.com\/es\/wp-json\/wp\/v2\/posts"}],"about":[{"href":"https:\/\/consultoriamit.com\/es\/wp-json\/wp\/v2\/types\/post"}],"author":[{"embeddable":true,"href":"https:\/\/consultoriamit.com\/es\/wp-json\/wp\/v2\/users\/2"}],"replies":[{"embeddable":true,"href":"https:\/\/consultoriamit.com\/es\/wp-json\/wp\/v2\/comments?post=3380"}],"version-history":[{"count":1,"href":"https:\/\/consultoriamit.com\/es\/wp-json\/wp\/v2\/posts\/3380\/revisions"}],"predecessor-version":[{"id":5354,"href":"https:\/\/consultoriamit.com\/es\/wp-json\/wp\/v2\/posts\/3380\/revisions\/5354"}],"wp:featuredmedia":[{"embeddable":true,"href":"https:\/\/consultoriamit.com\/es\/wp-json\/wp\/v2\/media\/1880"}],"wp:attachment":[{"href":"https:\/\/consultoriamit.com\/es\/wp-json\/wp\/v2\/media?parent=3380"}],"wp:term":[{"taxonomy":"category","embeddable":true,"href":"https:\/\/consultoriamit.com\/es\/wp-json\/wp\/v2\/categories?post=3380"},{"taxonomy":"post_tag","embeddable":true,"href":"https:\/\/consultoriamit.com\/es\/wp-json\/wp\/v2\/tags?post=3380"}],"curies":[{"name":"wp","href":"https:\/\/api.w.org\/{rel}","templated":true}]}}