{"id":3393,"date":"2018-04-23T00:00:00","date_gmt":"2018-04-22T22:00:00","guid":{"rendered":"http:\/\/consultoriamit.com\/en-marcha-la-iii-edicion-del-curso-de-la-diputacion-de-barcelona-claves-para-aplicar-la-perspectiva-de-genero-en-la-politca-y-gestion-publica\/"},"modified":"2025-05-08T20:35:03","modified_gmt":"2025-05-08T18:35:03","slug":"en-marcha-la-iii-edicion-del-curso-de-la-diputacion-de-barcelona-claves-para-aplicar-la-perspectiva-de-genero-en-la-politca-y-gestion-publica","status":"publish","type":"post","link":"https:\/\/consultoriamit.com\/es\/en-marcha-la-iii-edicion-del-curso-de-la-diputacion-de-barcelona-claves-para-aplicar-la-perspectiva-de-genero-en-la-politca-y-gestion-publica\/","title":{"rendered":"En marcha la III Edici\u00f3n del curso de la Diputaci\u00f3n de Barcelona: Claves para aplicar la perspectiva de g\u00e9nero en la pol\u00edtica y gesti\u00f3n p\u00fablica"},"content":{"rendered":"<p><strong>La eficiencia de la pol\u00edtica p\u00fablica requiere la incorporaci\u00f3n de la transversalidad de g\u00e9nero.<\/strong><\/p>\n<p>En este curso se analiza en la primera parte, de manera participativa, las dimensiones sociales del g\u00e9nero. Y en la segunda parte, se desarrollan herramientas pr\u00e1cticas para aplicar la perspectiva de g\u00e9nero a los diferentes departamentos y lugares de trabajo.<\/p>\n\n\t\t<style type=\"text\/css\">\n\t\t\t#gallery-1 {\n\t\t\t\tmargin: auto;\n\t\t\t}\n\t\t\t#gallery-1 .gallery-item {\n\t\t\t\tfloat: left;\n\t\t\t\tmargin-top: 10px;\n\t\t\t\ttext-align: center;\n\t\t\t\twidth: 50%;\n\t\t\t}\n\t\t\t#gallery-1 img {\n\t\t\t\tborder: 2px solid #cfcfcf;\n\t\t\t}\n\t\t\t#gallery-1 .gallery-caption {\n\t\t\t\tmargin-left: 0;\n\t\t\t}\n\t\t\t\/* see gallery_shortcode() in wp-includes\/media.php *\/\n\t\t<\/style>\n\t\t<div id='gallery-1' class='gallery galleryid-3393 gallery-columns-2 gallery-size-medium'><dl class='gallery-item'>\n\t\t\t<dt class='gallery-icon landscape'>\n\t\t\t\t<a href='https:\/\/consultoriamit.com\/es\/whatsapp-image-2022-04-22-at-12-24-14-pm-2\/'><img width=\"300\" height=\"225\" src=\"https:\/\/consultoriamit.com\/wp-content\/uploads\/2022\/04\/WhatsApp-Image-2022-04-22-at-12.24.14-PM-300x225.jpeg\" class=\"attachment-medium size-medium\" alt=\"\" loading=\"lazy\" srcset=\"https:\/\/consultoriamit.com\/wp-content\/uploads\/2022\/04\/WhatsApp-Image-2022-04-22-at-12.24.14-PM-300x225.jpeg 300w, https:\/\/consultoriamit.com\/wp-content\/uploads\/2022\/04\/WhatsApp-Image-2022-04-22-at-12.24.14-PM-1024x768.jpeg 1024w, https:\/\/consultoriamit.com\/wp-content\/uploads\/2022\/04\/WhatsApp-Image-2022-04-22-at-12.24.14-PM-768x576.jpeg 768w, https:\/\/consultoriamit.com\/wp-content\/uploads\/2022\/04\/WhatsApp-Image-2022-04-22-at-12.24.14-PM-1536x1152.jpeg 1536w, https:\/\/consultoriamit.com\/wp-content\/uploads\/2022\/04\/WhatsApp-Image-2022-04-22-at-12.24.14-PM.jpeg 1600w\" sizes=\"(max-width: 300px) 100vw, 300px\" \/><\/a>\n\t\t\t<\/dt><\/dl><dl class='gallery-item'>\n\t\t\t<dt class='gallery-icon landscape'>\n\t\t\t\t<a href='https:\/\/consultoriamit.com\/es\/whatsapp-image-2022-04-22-at-12-24-13-pm-1-2-2\/'><img width=\"300\" height=\"225\" src=\"https:\/\/consultoriamit.com\/wp-content\/uploads\/2022\/04\/WhatsApp-Image-2022-04-22-at-12.24.13-PM-1-2-300x225.jpeg\" class=\"attachment-medium size-medium\" alt=\"\" loading=\"lazy\" srcset=\"https:\/\/consultoriamit.com\/wp-content\/uploads\/2022\/04\/WhatsApp-Image-2022-04-22-at-12.24.13-PM-1-2-300x225.jpeg 300w, https:\/\/consultoriamit.com\/wp-content\/uploads\/2022\/04\/WhatsApp-Image-2022-04-22-at-12.24.13-PM-1-2-1024x768.jpeg 1024w, https:\/\/consultoriamit.com\/wp-content\/uploads\/2022\/04\/WhatsApp-Image-2022-04-22-at-12.24.13-PM-1-2-768x576.jpeg 768w, https:\/\/consultoriamit.com\/wp-content\/uploads\/2022\/04\/WhatsApp-Image-2022-04-22-at-12.24.13-PM-1-2-1536x1152.jpeg 1536w, https:\/\/consultoriamit.com\/wp-content\/uploads\/2022\/04\/WhatsApp-Image-2022-04-22-at-12.24.13-PM-1-2.jpeg 1600w\" sizes=\"(max-width: 300px) 100vw, 300px\" \/><\/a>\n\t\t\t<\/dt><\/dl><br style=\"clear: both\" \/>\n\t\t<\/div>\n\n<p>A partir de muchos ejemplos que ayudan a sistematizar la informaci\u00f3n y a tomar conciencia se facilita,&nbsp; la puesta en marcha de nuevos proyectos y redise\u00f1ar programas y servicios desde una perspectiva aplicada de g\u00e9nero.<\/p>\n<div><\/div>\n","protected":false},"excerpt":{"rendered":"<p>La eficiencia de la pol\u00edtica p\u00fablica requiere la incorporaci\u00f3n de la transversalidad de g\u00e9nero. En este curso se analiza en la primera parte, de manera participativa, las dimensiones sociales del g\u00e9nero. Y en la segunda parte, se desarrollan herramientas pr\u00e1cticas para aplicar la perspectiva de g\u00e9nero a los diferentes departamentos y lugares de trabajo. A [&hellip;]<\/p>\n","protected":false},"author":2,"featured_media":1979,"comment_status":"open","ping_status":"open","sticky":false,"template":"","format":"standard","meta":[],"categories":[103,332,344],"tags":[],"acf":[],"yoast_head":"<!-- This site is optimized with the Yoast SEO plugin v18.5.1 - https:\/\/yoast.com\/wordpress\/plugins\/seo\/ -->\n<title>En marcha la III Edici\u00f3n del curso de la Diputaci\u00f3n de Barcelona: Claves para aplicar la perspectiva de g\u00e9nero en la pol\u00edtica y gesti\u00f3n p\u00fablica &raquo; Consultoria MiT<\/title>\n<meta name=\"robots\" content=\"index, follow, max-snippet:-1, max-image-preview:large, max-video-preview:-1\" \/>\n<link rel=\"canonical\" href=\"https:\/\/consultoriamit.com\/es\/en-marcha-la-iii-edicion-del-curso-de-la-diputacion-de-barcelona-claves-para-aplicar-la-perspectiva-de-genero-en-la-politca-y-gestion-publica\/\" \/>\n<meta property=\"og:locale\" content=\"es_ES\" \/>\n<meta property=\"og:type\" content=\"article\" \/>\n<meta property=\"og:title\" content=\"En marcha la III Edici\u00f3n del curso de la Diputaci\u00f3n de Barcelona: Claves para aplicar la perspectiva de g\u00e9nero en la pol\u00edtica y gesti\u00f3n p\u00fablica &raquo; Consultoria MiT\" \/>\n<meta property=\"og:description\" content=\"La eficiencia de la pol\u00edtica p\u00fablica requiere la incorporaci\u00f3n de la transversalidad de g\u00e9nero. En este curso se analiza en la primera parte, de manera participativa, las dimensiones sociales del g\u00e9nero. Y en la segunda parte, se desarrollan herramientas pr\u00e1cticas para aplicar la perspectiva de g\u00e9nero a los diferentes departamentos y lugares de trabajo. A [&hellip;]\" \/>\n<meta property=\"og:url\" content=\"https:\/\/consultoriamit.com\/es\/en-marcha-la-iii-edicion-del-curso-de-la-diputacion-de-barcelona-claves-para-aplicar-la-perspectiva-de-genero-en-la-politca-y-gestion-publica\/\" \/>\n<meta property=\"og:site_name\" content=\"Consultoria MiT\" \/>\n<meta property=\"article:published_time\" content=\"2018-04-22T22:00:00+00:00\" \/>\n<meta property=\"article:modified_time\" content=\"2025-05-08T18:35:03+00:00\" \/>\n<meta property=\"og:image\" content=\"https:\/\/consultoriamit.com\/wp-content\/uploads\/2018\/04\/WhatsApp-Image-2018-04-19-at-15.48.07-e1524480286641-1.jpg\" \/>\n\t<meta property=\"og:image:width\" content=\"955\" \/>\n\t<meta property=\"og:image:height\" content=\"510\" \/>\n\t<meta property=\"og:image:type\" content=\"image\/jpeg\" \/>\n<meta name=\"twitter:card\" content=\"summary_large_image\" \/>\n<meta name=\"twitter:creator\" content=\"@CONSULTORIAMiT\" \/>\n<meta name=\"twitter:site\" content=\"@CONSULTORIAMiT\" \/>\n<meta name=\"twitter:label1\" content=\"Escrito por\" \/>\n\t<meta name=\"twitter:data1\" content=\"Luan\" \/>\n\t<meta name=\"twitter:label2\" content=\"Tiempo de lectura\" \/>\n\t<meta name=\"twitter:data2\" content=\"1 minuto\" \/>\n<script type=\"application\/ld+json\" class=\"yoast-schema-graph\">{\"@context\":\"https:\/\/schema.org\",\"@graph\":[{\"@type\":\"WebSite\",\"@id\":\"https:\/\/consultoriamit.com\/es\/#website\",\"url\":\"https:\/\/consultoriamit.com\/es\/\",\"name\":\"Consultoria Mit\",\"description\":\"Consultoria M\u00e8todes i T\u00e8cniques Aplicades\",\"potentialAction\":[{\"@type\":\"SearchAction\",\"target\":{\"@type\":\"EntryPoint\",\"urlTemplate\":\"https:\/\/consultoriamit.com\/es\/?s={search_term_string}\"},\"query-input\":\"required name=search_term_string\"}],\"inLanguage\":\"es\"},{\"@type\":\"ImageObject\",\"@id\":\"https:\/\/consultoriamit.com\/es\/en-marcha-la-iii-edicion-del-curso-de-la-diputacion-de-barcelona-claves-para-aplicar-la-perspectiva-de-genero-en-la-politca-y-gestion-publica\/#primaryimage\",\"inLanguage\":\"es\",\"url\":\"https:\/\/consultoriamit.com\/wp-content\/uploads\/2018\/04\/WhatsApp-Image-2018-04-19-at-15.48.07-e1524480286641-1.jpg\",\"contentUrl\":\"https:\/\/consultoriamit.com\/wp-content\/uploads\/2018\/04\/WhatsApp-Image-2018-04-19-at-15.48.07-e1524480286641-1.jpg\",\"width\":955,\"height\":510},{\"@type\":\"WebPage\",\"@id\":\"https:\/\/consultoriamit.com\/es\/en-marcha-la-iii-edicion-del-curso-de-la-diputacion-de-barcelona-claves-para-aplicar-la-perspectiva-de-genero-en-la-politca-y-gestion-publica\/#webpage\",\"url\":\"https:\/\/consultoriamit.com\/es\/en-marcha-la-iii-edicion-del-curso-de-la-diputacion-de-barcelona-claves-para-aplicar-la-perspectiva-de-genero-en-la-politca-y-gestion-publica\/\",\"name\":\"En marcha la III Edici\u00f3n del curso de la Diputaci\u00f3n de Barcelona: Claves para aplicar la perspectiva de g\u00e9nero en la pol\u00edtica y gesti\u00f3n p\u00fablica &raquo; Consultoria MiT\",\"isPartOf\":{\"@id\":\"https:\/\/consultoriamit.com\/es\/#website\"},\"primaryImageOfPage\":{\"@id\":\"https:\/\/consultoriamit.com\/es\/en-marcha-la-iii-edicion-del-curso-de-la-diputacion-de-barcelona-claves-para-aplicar-la-perspectiva-de-genero-en-la-politca-y-gestion-publica\/#primaryimage\"},\"datePublished\":\"2018-04-22T22:00:00+00:00\",\"dateModified\":\"2025-05-08T18:35:03+00:00\",\"author\":{\"@id\":\"https:\/\/consultoriamit.com\/es\/#\/schema\/person\/c98ae0dea2dfdc288f15766a183f6a74\"},\"breadcrumb\":{\"@id\":\"https:\/\/consultoriamit.com\/es\/en-marcha-la-iii-edicion-del-curso-de-la-diputacion-de-barcelona-claves-para-aplicar-la-perspectiva-de-genero-en-la-politca-y-gestion-publica\/#breadcrumb\"},\"inLanguage\":\"es\",\"potentialAction\":[{\"@type\":\"ReadAction\",\"target\":[\"https:\/\/consultoriamit.com\/es\/en-marcha-la-iii-edicion-del-curso-de-la-diputacion-de-barcelona-claves-para-aplicar-la-perspectiva-de-genero-en-la-politca-y-gestion-publica\/\"]}]},{\"@type\":\"BreadcrumbList\",\"@id\":\"https:\/\/consultoriamit.com\/es\/en-marcha-la-iii-edicion-del-curso-de-la-diputacion-de-barcelona-claves-para-aplicar-la-perspectiva-de-genero-en-la-politca-y-gestion-publica\/#breadcrumb\",\"itemListElement\":[{\"@type\":\"ListItem\",\"position\":1,\"name\":\"Inici\",\"item\":\"https:\/\/consultoriamit.com\/es\/inicio\/\"},{\"@type\":\"ListItem\",\"position\":2,\"name\":\"En marcha la III Edici\u00f3n del curso de la Diputaci\u00f3n de Barcelona: Claves para aplicar la perspectiva de g\u00e9nero en la pol\u00edtica y gesti\u00f3n p\u00fablica\"}]},{\"@type\":\"Person\",\"@id\":\"https:\/\/consultoriamit.com\/es\/#\/schema\/person\/c98ae0dea2dfdc288f15766a183f6a74\",\"name\":\"Luan\",\"image\":{\"@type\":\"ImageObject\",\"@id\":\"https:\/\/consultoriamit.com\/es\/#personlogo\",\"inLanguage\":\"es\",\"url\":\"https:\/\/secure.gravatar.com\/avatar\/390919a9f05beb6317693a580b391f34?s=96&d=mm&r=g\",\"contentUrl\":\"https:\/\/secure.gravatar.com\/avatar\/390919a9f05beb6317693a580b391f34?s=96&d=mm&r=g\",\"caption\":\"Luan\"}}]}<\/script>\n<!-- \/ Yoast SEO plugin. -->","yoast_head_json":{"title":"En marcha la III Edici\u00f3n del curso de la Diputaci\u00f3n de Barcelona: Claves para aplicar la perspectiva de g\u00e9nero en la pol\u00edtica y gesti\u00f3n p\u00fablica &raquo; Consultoria MiT","robots":{"index":"index","follow":"follow","max-snippet":"max-snippet:-1","max-image-preview":"max-image-preview:large","max-video-preview":"max-video-preview:-1"},"canonical":"https:\/\/consultoriamit.com\/es\/en-marcha-la-iii-edicion-del-curso-de-la-diputacion-de-barcelona-claves-para-aplicar-la-perspectiva-de-genero-en-la-politca-y-gestion-publica\/","og_locale":"es_ES","og_type":"article","og_title":"En marcha la III Edici\u00f3n del curso de la Diputaci\u00f3n de Barcelona: Claves para aplicar la perspectiva de g\u00e9nero en la pol\u00edtica y gesti\u00f3n p\u00fablica &raquo; Consultoria MiT","og_description":"La eficiencia de la pol\u00edtica p\u00fablica requiere la incorporaci\u00f3n de la transversalidad de g\u00e9nero. En este curso se analiza en la primera parte, de manera participativa, las dimensiones sociales del g\u00e9nero. Y en la segunda parte, se desarrollan herramientas pr\u00e1cticas para aplicar la perspectiva de g\u00e9nero a los diferentes departamentos y lugares de trabajo. A [&hellip;]","og_url":"https:\/\/consultoriamit.com\/es\/en-marcha-la-iii-edicion-del-curso-de-la-diputacion-de-barcelona-claves-para-aplicar-la-perspectiva-de-genero-en-la-politca-y-gestion-publica\/","og_site_name":"Consultoria MiT","article_published_time":"2018-04-22T22:00:00+00:00","article_modified_time":"2025-05-08T18:35:03+00:00","og_image":[{"width":955,"height":510,"url":"https:\/\/consultoriamit.com\/wp-content\/uploads\/2018\/04\/WhatsApp-Image-2018-04-19-at-15.48.07-e1524480286641-1.jpg","type":"image\/jpeg"}],"twitter_card":"summary_large_image","twitter_creator":"@CONSULTORIAMiT","twitter_site":"@CONSULTORIAMiT","twitter_misc":{"Escrito por":"Luan","Tiempo de lectura":"1 minuto"},"schema":{"@context":"https:\/\/schema.org","@graph":[{"@type":"WebSite","@id":"https:\/\/consultoriamit.com\/es\/#website","url":"https:\/\/consultoriamit.com\/es\/","name":"Consultoria Mit","description":"Consultoria M\u00e8todes i T\u00e8cniques Aplicades","potentialAction":[{"@type":"SearchAction","target":{"@type":"EntryPoint","urlTemplate":"https:\/\/consultoriamit.com\/es\/?s={search_term_string}"},"query-input":"required name=search_term_string"}],"inLanguage":"es"},{"@type":"ImageObject","@id":"https:\/\/consultoriamit.com\/es\/en-marcha-la-iii-edicion-del-curso-de-la-diputacion-de-barcelona-claves-para-aplicar-la-perspectiva-de-genero-en-la-politca-y-gestion-publica\/#primaryimage","inLanguage":"es","url":"https:\/\/consultoriamit.com\/wp-content\/uploads\/2018\/04\/WhatsApp-Image-2018-04-19-at-15.48.07-e1524480286641-1.jpg","contentUrl":"https:\/\/consultoriamit.com\/wp-content\/uploads\/2018\/04\/WhatsApp-Image-2018-04-19-at-15.48.07-e1524480286641-1.jpg","width":955,"height":510},{"@type":"WebPage","@id":"https:\/\/consultoriamit.com\/es\/en-marcha-la-iii-edicion-del-curso-de-la-diputacion-de-barcelona-claves-para-aplicar-la-perspectiva-de-genero-en-la-politca-y-gestion-publica\/#webpage","url":"https:\/\/consultoriamit.com\/es\/en-marcha-la-iii-edicion-del-curso-de-la-diputacion-de-barcelona-claves-para-aplicar-la-perspectiva-de-genero-en-la-politca-y-gestion-publica\/","name":"En marcha la III Edici\u00f3n del curso de la Diputaci\u00f3n de Barcelona: Claves para aplicar la perspectiva de g\u00e9nero en la pol\u00edtica y gesti\u00f3n p\u00fablica &raquo; Consultoria MiT","isPartOf":{"@id":"https:\/\/consultoriamit.com\/es\/#website"},"primaryImageOfPage":{"@id":"https:\/\/consultoriamit.com\/es\/en-marcha-la-iii-edicion-del-curso-de-la-diputacion-de-barcelona-claves-para-aplicar-la-perspectiva-de-genero-en-la-politca-y-gestion-publica\/#primaryimage"},"datePublished":"2018-04-22T22:00:00+00:00","dateModified":"2025-05-08T18:35:03+00:00","author":{"@id":"https:\/\/consultoriamit.com\/es\/#\/schema\/person\/c98ae0dea2dfdc288f15766a183f6a74"},"breadcrumb":{"@id":"https:\/\/consultoriamit.com\/es\/en-marcha-la-iii-edicion-del-curso-de-la-diputacion-de-barcelona-claves-para-aplicar-la-perspectiva-de-genero-en-la-politca-y-gestion-publica\/#breadcrumb"},"inLanguage":"es","potentialAction":[{"@type":"ReadAction","target":["https:\/\/consultoriamit.com\/es\/en-marcha-la-iii-edicion-del-curso-de-la-diputacion-de-barcelona-claves-para-aplicar-la-perspectiva-de-genero-en-la-politca-y-gestion-publica\/"]}]},{"@type":"BreadcrumbList","@id":"https:\/\/consultoriamit.com\/es\/en-marcha-la-iii-edicion-del-curso-de-la-diputacion-de-barcelona-claves-para-aplicar-la-perspectiva-de-genero-en-la-politca-y-gestion-publica\/#breadcrumb","itemListElement":[{"@type":"ListItem","position":1,"name":"Inici","item":"https:\/\/consultoriamit.com\/es\/inicio\/"},{"@type":"ListItem","position":2,"name":"En marcha la III Edici\u00f3n del curso de la Diputaci\u00f3n de Barcelona: Claves para aplicar la perspectiva de g\u00e9nero en la pol\u00edtica y gesti\u00f3n p\u00fablica"}]},{"@type":"Person","@id":"https:\/\/consultoriamit.com\/es\/#\/schema\/person\/c98ae0dea2dfdc288f15766a183f6a74","name":"Luan","image":{"@type":"ImageObject","@id":"https:\/\/consultoriamit.com\/es\/#personlogo","inLanguage":"es","url":"https:\/\/secure.gravatar.com\/avatar\/390919a9f05beb6317693a580b391f34?s=96&d=mm&r=g","contentUrl":"https:\/\/secure.gravatar.com\/avatar\/390919a9f05beb6317693a580b391f34?s=96&d=mm&r=g","caption":"Luan"}}]}},"_links":{"self":[{"href":"https:\/\/consultoriamit.com\/es\/wp-json\/wp\/v2\/posts\/3393"}],"collection":[{"href":"https:\/\/consultoriamit.com\/es\/wp-json\/wp\/v2\/posts"}],"about":[{"href":"https:\/\/consultoriamit.com\/es\/wp-json\/wp\/v2\/types\/post"}],"author":[{"embeddable":true,"href":"https:\/\/consultoriamit.com\/es\/wp-json\/wp\/v2\/users\/2"}],"replies":[{"embeddable":true,"href":"https:\/\/consultoriamit.com\/es\/wp-json\/wp\/v2\/comments?post=3393"}],"version-history":[{"count":1,"href":"https:\/\/consultoriamit.com\/es\/wp-json\/wp\/v2\/posts\/3393\/revisions"}],"predecessor-version":[{"id":8093,"href":"https:\/\/consultoriamit.com\/es\/wp-json\/wp\/v2\/posts\/3393\/revisions\/8093"}],"wp:featuredmedia":[{"embeddable":true,"href":"https:\/\/consultoriamit.com\/es\/wp-json\/wp\/v2\/media\/1979"}],"wp:attachment":[{"href":"https:\/\/consultoriamit.com\/es\/wp-json\/wp\/v2\/media?parent=3393"}],"wp:term":[{"taxonomy":"category","embeddable":true,"href":"https:\/\/consultoriamit.com\/es\/wp-json\/wp\/v2\/categories?post=3393"},{"taxonomy":"post_tag","embeddable":true,"href":"https:\/\/consultoriamit.com\/es\/wp-json\/wp\/v2\/tags?post=3393"}],"curies":[{"name":"wp","href":"https:\/\/api.w.org\/{rel}","templated":true}]}}