{"id":3464,"date":"2016-02-16T00:00:00","date_gmt":"2016-02-15T22:00:00","guid":{"rendered":"http:\/\/consultoriamit.com\/blanca-moreno-directora-de-mit-imparte-un-curso-de-formacion-de-genero-en-barbera-del-valles\/"},"modified":"2025-05-08T20:55:27","modified_gmt":"2025-05-08T18:55:27","slug":"blanca-moreno-directora-de-mit-imparte-un-curso-de-formacion-de-genero-en-barbera-del-valles","status":"publish","type":"post","link":"https:\/\/consultoriamit.com\/es\/blanca-moreno-directora-de-mit-imparte-un-curso-de-formacion-de-genero-en-barbera-del-valles\/","title":{"rendered":"Blanca Moreno, directora de MiT, imparte un curso de formaci\u00f3n de g\u00e9nero en Barber\u00e0 del Vall\u00e8s"},"content":{"rendered":"<p style=\"text-align: justify;\"><strong>El curso iba dirigido a los altos cargos del consistorio y tubo lugar los d\u00edas 28 de enero y 4 de febrero.<\/strong><!--more--><\/p>\n<p style=\"text-align: justify;\">En marco del Plan Interno para la Igualdad de G\u00e9nero de Barber\u00e0 del Vall\u00e8s, la directora MiT, Blanca Moreno, imparti\u00f3 un curso de formaci\u00f3n en igualdad de g\u00e9nero a los altos cargos del consistorio, con el objetivo de avanzar en la transformaci\u00f3n pol\u00edtica desde la perspectiva de g\u00e9nero para alcanzar la igualdad efectiva entre mujeres y hombres.<\/p>\n<p style=\"text-align: justify;\">El curso estaba impulsado por la Secci\u00f3n de Recursos Humanos y el Programa para la Igualdad de las Mujeres, y su finalidad era la de dotar de herramientas a los participantes que les permitan identificar posibles discriminaciones por raz\u00f3n de sexo, y establecer un c\u00f3digo de buenas pr\u00e1cticas, con el objetivo de impregnar la perspectiva de g\u00e9nero en todas las pol\u00edticas locales.<\/p>\n<p style=\"text-align: justify;\">Durante el transcurso de las jornadas se hicieron&nbsp;debates y din\u00e1micas participativas que giraban en torno a la necesidad de introducir la transversalidad de g\u00e9nero en todos los \u00e1mbitos municipales: deporte, cultura, educaci\u00f3n, bienestar ... Las dos sesiones tubieron una asistencia de 7 y 8 personas respectivamente, con representaci\u00f3n de varios grupos pol\u00edticos municipales.<\/p>\n","protected":false},"excerpt":{"rendered":"<p>El curso iba dirigido a los altos cargos del consistorio y tubo lugar los d\u00edas 28 de enero y 4 de febrero.<\/p>\n","protected":false},"author":2,"featured_media":2343,"comment_status":"open","ping_status":"open","sticky":false,"template":"","format":"standard","meta":[],"categories":[332,388],"tags":[36],"acf":[],"yoast_head":"<!-- This site is optimized with the Yoast SEO plugin v18.5.1 - https:\/\/yoast.com\/wordpress\/plugins\/seo\/ -->\n<title>Blanca Moreno, directora de MiT, imparte un curso de formaci\u00f3n de g\u00e9nero en Barber\u00e0 del Vall\u00e8s &raquo; Consultoria MiT<\/title>\n<meta name=\"robots\" content=\"index, follow, max-snippet:-1, max-image-preview:large, max-video-preview:-1\" \/>\n<link rel=\"canonical\" href=\"https:\/\/consultoriamit.com\/es\/blanca-moreno-directora-de-mit-imparte-un-curso-de-formacion-de-genero-en-barbera-del-valles\/\" \/>\n<meta property=\"og:locale\" content=\"es_ES\" \/>\n<meta property=\"og:type\" content=\"article\" \/>\n<meta property=\"og:title\" content=\"Blanca Moreno, directora de MiT, imparte un curso de formaci\u00f3n de g\u00e9nero en Barber\u00e0 del Vall\u00e8s &raquo; Consultoria MiT\" \/>\n<meta property=\"og:description\" content=\"El curso iba dirigido a los altos cargos del consistorio y tubo lugar los d\u00edas 28 de enero y 4 de febrero.\" \/>\n<meta property=\"og:url\" content=\"https:\/\/consultoriamit.com\/es\/blanca-moreno-directora-de-mit-imparte-un-curso-de-formacion-de-genero-en-barbera-del-valles\/\" \/>\n<meta property=\"og:site_name\" content=\"Consultoria MiT\" \/>\n<meta property=\"article:published_time\" content=\"2016-02-15T22:00:00+00:00\" \/>\n<meta property=\"article:modified_time\" content=\"2025-05-08T18:55:27+00:00\" \/>\n<meta property=\"og:image\" content=\"https:\/\/consultoriamit.com\/wp-content\/uploads\/2016\/02\/consultoria_MiT_participant-1.jpg\" \/>\n\t<meta property=\"og:image:width\" content=\"2000\" \/>\n\t<meta property=\"og:image:height\" content=\"1500\" \/>\n\t<meta property=\"og:image:type\" content=\"image\/jpeg\" \/>\n<meta name=\"twitter:card\" content=\"summary_large_image\" \/>\n<meta name=\"twitter:creator\" content=\"@CONSULTORIAMiT\" \/>\n<meta name=\"twitter:site\" content=\"@CONSULTORIAMiT\" \/>\n<meta name=\"twitter:label1\" content=\"Escrito por\" \/>\n\t<meta name=\"twitter:data1\" content=\"Luan\" \/>\n\t<meta name=\"twitter:label2\" content=\"Tiempo de lectura\" \/>\n\t<meta name=\"twitter:data2\" content=\"2 minutos\" \/>\n<script type=\"application\/ld+json\" class=\"yoast-schema-graph\">{\"@context\":\"https:\/\/schema.org\",\"@graph\":[{\"@type\":\"WebSite\",\"@id\":\"https:\/\/consultoriamit.com\/es\/#website\",\"url\":\"https:\/\/consultoriamit.com\/es\/\",\"name\":\"Consultoria Mit\",\"description\":\"Consultoria M\u00e8todes i T\u00e8cniques Aplicades\",\"potentialAction\":[{\"@type\":\"SearchAction\",\"target\":{\"@type\":\"EntryPoint\",\"urlTemplate\":\"https:\/\/consultoriamit.com\/es\/?s={search_term_string}\"},\"query-input\":\"required name=search_term_string\"}],\"inLanguage\":\"es\"},{\"@type\":\"ImageObject\",\"@id\":\"https:\/\/consultoriamit.com\/es\/blanca-moreno-directora-de-mit-imparte-un-curso-de-formacion-de-genero-en-barbera-del-valles\/#primaryimage\",\"inLanguage\":\"es\",\"url\":\"https:\/\/consultoriamit.com\/wp-content\/uploads\/2016\/02\/consultoria_MiT_participant-1.jpg\",\"contentUrl\":\"https:\/\/consultoriamit.com\/wp-content\/uploads\/2016\/02\/consultoria_MiT_participant-1.jpg\",\"width\":2000,\"height\":1500},{\"@type\":\"WebPage\",\"@id\":\"https:\/\/consultoriamit.com\/es\/blanca-moreno-directora-de-mit-imparte-un-curso-de-formacion-de-genero-en-barbera-del-valles\/#webpage\",\"url\":\"https:\/\/consultoriamit.com\/es\/blanca-moreno-directora-de-mit-imparte-un-curso-de-formacion-de-genero-en-barbera-del-valles\/\",\"name\":\"Blanca Moreno, directora de MiT, imparte un curso de formaci\u00f3n de g\u00e9nero en Barber\u00e0 del Vall\u00e8s &raquo; Consultoria MiT\",\"isPartOf\":{\"@id\":\"https:\/\/consultoriamit.com\/es\/#website\"},\"primaryImageOfPage\":{\"@id\":\"https:\/\/consultoriamit.com\/es\/blanca-moreno-directora-de-mit-imparte-un-curso-de-formacion-de-genero-en-barbera-del-valles\/#primaryimage\"},\"datePublished\":\"2016-02-15T22:00:00+00:00\",\"dateModified\":\"2025-05-08T18:55:27+00:00\",\"author\":{\"@id\":\"https:\/\/consultoriamit.com\/es\/#\/schema\/person\/c98ae0dea2dfdc288f15766a183f6a74\"},\"breadcrumb\":{\"@id\":\"https:\/\/consultoriamit.com\/es\/blanca-moreno-directora-de-mit-imparte-un-curso-de-formacion-de-genero-en-barbera-del-valles\/#breadcrumb\"},\"inLanguage\":\"es\",\"potentialAction\":[{\"@type\":\"ReadAction\",\"target\":[\"https:\/\/consultoriamit.com\/es\/blanca-moreno-directora-de-mit-imparte-un-curso-de-formacion-de-genero-en-barbera-del-valles\/\"]}]},{\"@type\":\"BreadcrumbList\",\"@id\":\"https:\/\/consultoriamit.com\/es\/blanca-moreno-directora-de-mit-imparte-un-curso-de-formacion-de-genero-en-barbera-del-valles\/#breadcrumb\",\"itemListElement\":[{\"@type\":\"ListItem\",\"position\":1,\"name\":\"Inici\",\"item\":\"https:\/\/consultoriamit.com\/es\/inicio\/\"},{\"@type\":\"ListItem\",\"position\":2,\"name\":\"Blanca Moreno, directora de MiT, imparte un curso de formaci\u00f3n de g\u00e9nero en Barber\u00e0 del Vall\u00e8s\"}]},{\"@type\":\"Person\",\"@id\":\"https:\/\/consultoriamit.com\/es\/#\/schema\/person\/c98ae0dea2dfdc288f15766a183f6a74\",\"name\":\"Luan\",\"image\":{\"@type\":\"ImageObject\",\"@id\":\"https:\/\/consultoriamit.com\/es\/#personlogo\",\"inLanguage\":\"es\",\"url\":\"https:\/\/secure.gravatar.com\/avatar\/390919a9f05beb6317693a580b391f34?s=96&d=mm&r=g\",\"contentUrl\":\"https:\/\/secure.gravatar.com\/avatar\/390919a9f05beb6317693a580b391f34?s=96&d=mm&r=g\",\"caption\":\"Luan\"}}]}<\/script>\n<!-- \/ Yoast SEO plugin. -->","yoast_head_json":{"title":"Blanca Moreno, directora de MiT, imparte un curso de formaci\u00f3n de g\u00e9nero en Barber\u00e0 del Vall\u00e8s &raquo; Consultoria MiT","robots":{"index":"index","follow":"follow","max-snippet":"max-snippet:-1","max-image-preview":"max-image-preview:large","max-video-preview":"max-video-preview:-1"},"canonical":"https:\/\/consultoriamit.com\/es\/blanca-moreno-directora-de-mit-imparte-un-curso-de-formacion-de-genero-en-barbera-del-valles\/","og_locale":"es_ES","og_type":"article","og_title":"Blanca Moreno, directora de MiT, imparte un curso de formaci\u00f3n de g\u00e9nero en Barber\u00e0 del Vall\u00e8s &raquo; Consultoria MiT","og_description":"El curso iba dirigido a los altos cargos del consistorio y tubo lugar los d\u00edas 28 de enero y 4 de febrero.","og_url":"https:\/\/consultoriamit.com\/es\/blanca-moreno-directora-de-mit-imparte-un-curso-de-formacion-de-genero-en-barbera-del-valles\/","og_site_name":"Consultoria MiT","article_published_time":"2016-02-15T22:00:00+00:00","article_modified_time":"2025-05-08T18:55:27+00:00","og_image":[{"width":2000,"height":1500,"url":"https:\/\/consultoriamit.com\/wp-content\/uploads\/2016\/02\/consultoria_MiT_participant-1.jpg","type":"image\/jpeg"}],"twitter_card":"summary_large_image","twitter_creator":"@CONSULTORIAMiT","twitter_site":"@CONSULTORIAMiT","twitter_misc":{"Escrito por":"Luan","Tiempo de lectura":"2 minutos"},"schema":{"@context":"https:\/\/schema.org","@graph":[{"@type":"WebSite","@id":"https:\/\/consultoriamit.com\/es\/#website","url":"https:\/\/consultoriamit.com\/es\/","name":"Consultoria Mit","description":"Consultoria M\u00e8todes i T\u00e8cniques Aplicades","potentialAction":[{"@type":"SearchAction","target":{"@type":"EntryPoint","urlTemplate":"https:\/\/consultoriamit.com\/es\/?s={search_term_string}"},"query-input":"required name=search_term_string"}],"inLanguage":"es"},{"@type":"ImageObject","@id":"https:\/\/consultoriamit.com\/es\/blanca-moreno-directora-de-mit-imparte-un-curso-de-formacion-de-genero-en-barbera-del-valles\/#primaryimage","inLanguage":"es","url":"https:\/\/consultoriamit.com\/wp-content\/uploads\/2016\/02\/consultoria_MiT_participant-1.jpg","contentUrl":"https:\/\/consultoriamit.com\/wp-content\/uploads\/2016\/02\/consultoria_MiT_participant-1.jpg","width":2000,"height":1500},{"@type":"WebPage","@id":"https:\/\/consultoriamit.com\/es\/blanca-moreno-directora-de-mit-imparte-un-curso-de-formacion-de-genero-en-barbera-del-valles\/#webpage","url":"https:\/\/consultoriamit.com\/es\/blanca-moreno-directora-de-mit-imparte-un-curso-de-formacion-de-genero-en-barbera-del-valles\/","name":"Blanca Moreno, directora de MiT, imparte un curso de formaci\u00f3n de g\u00e9nero en Barber\u00e0 del Vall\u00e8s &raquo; Consultoria MiT","isPartOf":{"@id":"https:\/\/consultoriamit.com\/es\/#website"},"primaryImageOfPage":{"@id":"https:\/\/consultoriamit.com\/es\/blanca-moreno-directora-de-mit-imparte-un-curso-de-formacion-de-genero-en-barbera-del-valles\/#primaryimage"},"datePublished":"2016-02-15T22:00:00+00:00","dateModified":"2025-05-08T18:55:27+00:00","author":{"@id":"https:\/\/consultoriamit.com\/es\/#\/schema\/person\/c98ae0dea2dfdc288f15766a183f6a74"},"breadcrumb":{"@id":"https:\/\/consultoriamit.com\/es\/blanca-moreno-directora-de-mit-imparte-un-curso-de-formacion-de-genero-en-barbera-del-valles\/#breadcrumb"},"inLanguage":"es","potentialAction":[{"@type":"ReadAction","target":["https:\/\/consultoriamit.com\/es\/blanca-moreno-directora-de-mit-imparte-un-curso-de-formacion-de-genero-en-barbera-del-valles\/"]}]},{"@type":"BreadcrumbList","@id":"https:\/\/consultoriamit.com\/es\/blanca-moreno-directora-de-mit-imparte-un-curso-de-formacion-de-genero-en-barbera-del-valles\/#breadcrumb","itemListElement":[{"@type":"ListItem","position":1,"name":"Inici","item":"https:\/\/consultoriamit.com\/es\/inicio\/"},{"@type":"ListItem","position":2,"name":"Blanca Moreno, directora de MiT, imparte un curso de formaci\u00f3n de g\u00e9nero en Barber\u00e0 del Vall\u00e8s"}]},{"@type":"Person","@id":"https:\/\/consultoriamit.com\/es\/#\/schema\/person\/c98ae0dea2dfdc288f15766a183f6a74","name":"Luan","image":{"@type":"ImageObject","@id":"https:\/\/consultoriamit.com\/es\/#personlogo","inLanguage":"es","url":"https:\/\/secure.gravatar.com\/avatar\/390919a9f05beb6317693a580b391f34?s=96&d=mm&r=g","contentUrl":"https:\/\/secure.gravatar.com\/avatar\/390919a9f05beb6317693a580b391f34?s=96&d=mm&r=g","caption":"Luan"}}]}},"_links":{"self":[{"href":"https:\/\/consultoriamit.com\/es\/wp-json\/wp\/v2\/posts\/3464"}],"collection":[{"href":"https:\/\/consultoriamit.com\/es\/wp-json\/wp\/v2\/posts"}],"about":[{"href":"https:\/\/consultoriamit.com\/es\/wp-json\/wp\/v2\/types\/post"}],"author":[{"embeddable":true,"href":"https:\/\/consultoriamit.com\/es\/wp-json\/wp\/v2\/users\/2"}],"replies":[{"embeddable":true,"href":"https:\/\/consultoriamit.com\/es\/wp-json\/wp\/v2\/comments?post=3464"}],"version-history":[{"count":2,"href":"https:\/\/consultoriamit.com\/es\/wp-json\/wp\/v2\/posts\/3464\/revisions"}],"predecessor-version":[{"id":8101,"href":"https:\/\/consultoriamit.com\/es\/wp-json\/wp\/v2\/posts\/3464\/revisions\/8101"}],"wp:featuredmedia":[{"embeddable":true,"href":"https:\/\/consultoriamit.com\/es\/wp-json\/wp\/v2\/media\/2343"}],"wp:attachment":[{"href":"https:\/\/consultoriamit.com\/es\/wp-json\/wp\/v2\/media?parent=3464"}],"wp:term":[{"taxonomy":"category","embeddable":true,"href":"https:\/\/consultoriamit.com\/es\/wp-json\/wp\/v2\/categories?post=3464"},{"taxonomy":"post_tag","embeddable":true,"href":"https:\/\/consultoriamit.com\/es\/wp-json\/wp\/v2\/tags?post=3464"}],"curies":[{"name":"wp","href":"https:\/\/api.w.org\/{rel}","templated":true}]}}