{"id":3524,"date":"2014-01-29T00:00:00","date_gmt":"2014-01-28T22:00:00","guid":{"rendered":"http:\/\/consultoriamit.com\/encuentro-con-la-dra-julieta-montano-experta-en-temas-de-genero-y-derechos-humanos-de-bolivia\/"},"modified":"2025-05-08T21:01:28","modified_gmt":"2025-05-08T19:01:28","slug":"encuentro-con-la-dra-julieta-montano-experta-en-temas-de-genero-y-derechos-humanos-de-bolivia","status":"publish","type":"post","link":"https:\/\/consultoriamit.com\/es\/encuentro-con-la-dra-julieta-montano-experta-en-temas-de-genero-y-derechos-humanos-de-bolivia\/","title":{"rendered":"Encuentro con la Dra. Julieta Monta\u00f1o experta en temas de g\u00e9nero y derechos humanos de Bolivia"},"content":{"rendered":"<p><strong>Esta semana nos ha visitado la Dra.Julieta Monta\u00f1o, una referente internacional en la defensa de los derechos humanos y espec\u00edficamente, en el derechos de las mujeres y de las ni\u00f1as.<\/strong><!--more--><\/p>\n<p>Como experta en temas de g\u00e9nero y derechos humanos que adem\u00e1s est\u00e1 especializada en procesos judiciales en Bolivia, la Dra. Julieta Monta\u00f1o se mostr\u00f3 muy interesada en conocer la Ley 5 \/2008, de 24 de abril del derecho de las mujeres a erradicar la violencia machista y tambi\u00e9n en conocer tanto los circuitos y las redes de apoyo y reparaci\u00f3n de la violencia como las herramientas metodol\u00f3gicas que tenemos en el pa\u00eds para trabajar la violencia machista.<\/p>\n<p>Fruto de las reuniones de trabajo naci\u00f3 la necesidad de realizar un seminario en Cochabamba y tambi\u00e9n en Barcelona, para compartir conocimiento adem\u00e1s de elaborar una publicaci\u00f3n institucional conjunta. Tambi\u00e9n se plante\u00f3 la creaci\u00f3n de una una red internacional de cooperaci\u00f3n en temas de violencia machista vinculados a los derechos humanos fundamentales entre diferentes instituciones p\u00fablicas y asociadas a ONG y el Tercer Sector.<\/p>\n<p>Os facilitamos la propuesta de trabajo:<\/p>\n<p>Seminario Internacional: \"Derecho Penal como respuesta a la violencia machista. Lecciones aprendidas y desaf\u00edos\".<\/p>\n<p>Programa del Seminario<\/p>\n<p>1 . Reflexionar, con actores estatales y de la sociedad civil, sobre la violencia machista, sus expresiones y efectos sobre las personas, las familias y la sociedad.<br \/>\n2 . Intercambiar experiencias sobre el tratamiento penal de la violencia machista y de buenas pr\u00e1cticas en la atenci\u00f3n y el tratamiento del mismo.<br \/>\n3 . Impulsar el compromiso de autoridades municipales para la adecuaci\u00f3n de sus pol\u00edticas a los mandatos de la Ley 348 Para Garantizar a las Mujeres una vida Libre de Violencia.<\/p>\n<p>Para saber m\u00e1s :<\/p>\n<p>La Oficina Jur\u00eddica para la Mujer ( OJM ) es una organizaci\u00f3n no gubernamental de desarrollo, fundada 1984 la especialidad es la defensa y promoci\u00f3n de los derechos humanos de las mujeres desde una perspectiva jur\u00eddica, psicol\u00f3gica, social y de g\u00e9nero.<\/p>\n<p>Su prop\u00f3sito es contribuir al cambio de las relaciones de poder, desiguales, injustas e iniquidades existentes en la sociedad boliviana, buscando aportar a la construcci\u00f3n de una sociedad en la que las diferencias entre hombres y mujeres, no se conviertan en desigualdades. Una sociedad en la que la violencia y la discriminaci\u00f3n merezcan el reproche social y jur\u00eddico.<\/p>\n<p>Los 30 a\u00f1os de trabajo de asesoramiento y defensa de los derechos civiles, pol\u00edticos, econ\u00f3micos, sociales y culturales de las mujeres, han permitido acumular experiencia y lograr los objetivos trazados en cada uno de los planes ejecutados adem\u00e1s de constituirse como referente para el tratamiento de temas de DD.HH. de las mujeres dentro y fuera de Bolivia.<\/p>\n<p><strong>Enlaces<\/strong><\/p>\n<p><a href=\"http:\/\/ojmbolivia.org\" target=\"_blank\" rel=\"noopener\">Web de la Oficina Jur\u00eddica para la Mujer (OJM) de Bolivia<\/a><\/p>\n","protected":false},"excerpt":{"rendered":"<p>Esta semana nos ha visitado la Dra.Julieta Monta\u00f1o, una referente internacional en la defensa de los derechos humanos y espec\u00edficamente, en el derechos de las mujeres y de las ni\u00f1as.<\/p>\n","protected":false},"author":2,"featured_media":2616,"comment_status":"open","ping_status":"open","sticky":false,"template":"","format":"standard","meta":[],"categories":[358,344],"tags":[594],"acf":[],"yoast_head":"<!-- This site is optimized with the Yoast SEO plugin v18.5.1 - https:\/\/yoast.com\/wordpress\/plugins\/seo\/ -->\n<title>Encuentro con la Dra. Julieta Monta\u00f1o experta en temas de g\u00e9nero y derechos humanos de Bolivia &raquo; Consultoria MiT<\/title>\n<meta name=\"robots\" content=\"index, follow, max-snippet:-1, max-image-preview:large, max-video-preview:-1\" \/>\n<link rel=\"canonical\" href=\"https:\/\/consultoriamit.com\/es\/encuentro-con-la-dra-julieta-montano-experta-en-temas-de-genero-y-derechos-humanos-de-bolivia\/\" \/>\n<meta property=\"og:locale\" content=\"es_ES\" \/>\n<meta property=\"og:type\" content=\"article\" \/>\n<meta property=\"og:title\" content=\"Encuentro con la Dra. Julieta Monta\u00f1o experta en temas de g\u00e9nero y derechos humanos de Bolivia &raquo; Consultoria MiT\" \/>\n<meta property=\"og:description\" content=\"Esta semana nos ha visitado la Dra.Julieta Monta\u00f1o, una referente internacional en la defensa de los derechos humanos y espec\u00edficamente, en el derechos de las mujeres y de las ni\u00f1as.\" \/>\n<meta property=\"og:url\" content=\"https:\/\/consultoriamit.com\/es\/encuentro-con-la-dra-julieta-montano-experta-en-temas-de-genero-y-derechos-humanos-de-bolivia\/\" \/>\n<meta property=\"og:site_name\" content=\"Consultoria MiT\" \/>\n<meta property=\"article:published_time\" content=\"2014-01-28T22:00:00+00:00\" \/>\n<meta property=\"article:modified_time\" content=\"2025-05-08T19:01:28+00:00\" \/>\n<meta property=\"og:image\" content=\"https:\/\/consultoriamit.com\/wp-content\/uploads\/2014\/01\/MIT-Consultoria-01291.jpg\" \/>\n\t<meta property=\"og:image:width\" content=\"640\" \/>\n\t<meta property=\"og:image:height\" content=\"480\" \/>\n\t<meta property=\"og:image:type\" content=\"image\/jpeg\" \/>\n<meta name=\"twitter:card\" content=\"summary_large_image\" \/>\n<meta name=\"twitter:creator\" content=\"@CONSULTORIAMiT\" \/>\n<meta name=\"twitter:site\" content=\"@CONSULTORIAMiT\" \/>\n<meta name=\"twitter:label1\" content=\"Escrito por\" \/>\n\t<meta name=\"twitter:data1\" content=\"Luan\" \/>\n\t<meta name=\"twitter:label2\" content=\"Tiempo de lectura\" \/>\n\t<meta name=\"twitter:data2\" content=\"3 minutos\" \/>\n<script type=\"application\/ld+json\" class=\"yoast-schema-graph\">{\"@context\":\"https:\/\/schema.org\",\"@graph\":[{\"@type\":\"WebSite\",\"@id\":\"https:\/\/consultoriamit.com\/es\/#website\",\"url\":\"https:\/\/consultoriamit.com\/es\/\",\"name\":\"Consultoria Mit\",\"description\":\"Consultoria M\u00e8todes i T\u00e8cniques Aplicades\",\"potentialAction\":[{\"@type\":\"SearchAction\",\"target\":{\"@type\":\"EntryPoint\",\"urlTemplate\":\"https:\/\/consultoriamit.com\/es\/?s={search_term_string}\"},\"query-input\":\"required name=search_term_string\"}],\"inLanguage\":\"es\"},{\"@type\":\"ImageObject\",\"@id\":\"https:\/\/consultoriamit.com\/es\/encuentro-con-la-dra-julieta-montano-experta-en-temas-de-genero-y-derechos-humanos-de-bolivia\/#primaryimage\",\"inLanguage\":\"es\",\"url\":\"https:\/\/consultoriamit.com\/wp-content\/uploads\/2014\/01\/MIT-Consultoria-01291.jpg\",\"contentUrl\":\"https:\/\/consultoriamit.com\/wp-content\/uploads\/2014\/01\/MIT-Consultoria-01291.jpg\",\"width\":640,\"height\":480},{\"@type\":\"WebPage\",\"@id\":\"https:\/\/consultoriamit.com\/es\/encuentro-con-la-dra-julieta-montano-experta-en-temas-de-genero-y-derechos-humanos-de-bolivia\/#webpage\",\"url\":\"https:\/\/consultoriamit.com\/es\/encuentro-con-la-dra-julieta-montano-experta-en-temas-de-genero-y-derechos-humanos-de-bolivia\/\",\"name\":\"Encuentro con la Dra. Julieta Monta\u00f1o experta en temas de g\u00e9nero y derechos humanos de Bolivia &raquo; Consultoria MiT\",\"isPartOf\":{\"@id\":\"https:\/\/consultoriamit.com\/es\/#website\"},\"primaryImageOfPage\":{\"@id\":\"https:\/\/consultoriamit.com\/es\/encuentro-con-la-dra-julieta-montano-experta-en-temas-de-genero-y-derechos-humanos-de-bolivia\/#primaryimage\"},\"datePublished\":\"2014-01-28T22:00:00+00:00\",\"dateModified\":\"2025-05-08T19:01:28+00:00\",\"author\":{\"@id\":\"https:\/\/consultoriamit.com\/es\/#\/schema\/person\/c98ae0dea2dfdc288f15766a183f6a74\"},\"breadcrumb\":{\"@id\":\"https:\/\/consultoriamit.com\/es\/encuentro-con-la-dra-julieta-montano-experta-en-temas-de-genero-y-derechos-humanos-de-bolivia\/#breadcrumb\"},\"inLanguage\":\"es\",\"potentialAction\":[{\"@type\":\"ReadAction\",\"target\":[\"https:\/\/consultoriamit.com\/es\/encuentro-con-la-dra-julieta-montano-experta-en-temas-de-genero-y-derechos-humanos-de-bolivia\/\"]}]},{\"@type\":\"BreadcrumbList\",\"@id\":\"https:\/\/consultoriamit.com\/es\/encuentro-con-la-dra-julieta-montano-experta-en-temas-de-genero-y-derechos-humanos-de-bolivia\/#breadcrumb\",\"itemListElement\":[{\"@type\":\"ListItem\",\"position\":1,\"name\":\"Inici\",\"item\":\"https:\/\/consultoriamit.com\/es\/inicio\/\"},{\"@type\":\"ListItem\",\"position\":2,\"name\":\"Encuentro con la Dra. Julieta Monta\u00f1o experta en temas de g\u00e9nero y derechos humanos de Bolivia\"}]},{\"@type\":\"Person\",\"@id\":\"https:\/\/consultoriamit.com\/es\/#\/schema\/person\/c98ae0dea2dfdc288f15766a183f6a74\",\"name\":\"Luan\",\"image\":{\"@type\":\"ImageObject\",\"@id\":\"https:\/\/consultoriamit.com\/es\/#personlogo\",\"inLanguage\":\"es\",\"url\":\"https:\/\/secure.gravatar.com\/avatar\/390919a9f05beb6317693a580b391f34?s=96&d=mm&r=g\",\"contentUrl\":\"https:\/\/secure.gravatar.com\/avatar\/390919a9f05beb6317693a580b391f34?s=96&d=mm&r=g\",\"caption\":\"Luan\"}}]}<\/script>\n<!-- \/ Yoast SEO plugin. -->","yoast_head_json":{"title":"Encuentro con la Dra. Julieta Monta\u00f1o experta en temas de g\u00e9nero y derechos humanos de Bolivia &raquo; Consultoria MiT","robots":{"index":"index","follow":"follow","max-snippet":"max-snippet:-1","max-image-preview":"max-image-preview:large","max-video-preview":"max-video-preview:-1"},"canonical":"https:\/\/consultoriamit.com\/es\/encuentro-con-la-dra-julieta-montano-experta-en-temas-de-genero-y-derechos-humanos-de-bolivia\/","og_locale":"es_ES","og_type":"article","og_title":"Encuentro con la Dra. Julieta Monta\u00f1o experta en temas de g\u00e9nero y derechos humanos de Bolivia &raquo; Consultoria MiT","og_description":"Esta semana nos ha visitado la Dra.Julieta Monta\u00f1o, una referente internacional en la defensa de los derechos humanos y espec\u00edficamente, en el derechos de las mujeres y de las ni\u00f1as.","og_url":"https:\/\/consultoriamit.com\/es\/encuentro-con-la-dra-julieta-montano-experta-en-temas-de-genero-y-derechos-humanos-de-bolivia\/","og_site_name":"Consultoria MiT","article_published_time":"2014-01-28T22:00:00+00:00","article_modified_time":"2025-05-08T19:01:28+00:00","og_image":[{"width":640,"height":480,"url":"https:\/\/consultoriamit.com\/wp-content\/uploads\/2014\/01\/MIT-Consultoria-01291.jpg","type":"image\/jpeg"}],"twitter_card":"summary_large_image","twitter_creator":"@CONSULTORIAMiT","twitter_site":"@CONSULTORIAMiT","twitter_misc":{"Escrito por":"Luan","Tiempo de lectura":"3 minutos"},"schema":{"@context":"https:\/\/schema.org","@graph":[{"@type":"WebSite","@id":"https:\/\/consultoriamit.com\/es\/#website","url":"https:\/\/consultoriamit.com\/es\/","name":"Consultoria Mit","description":"Consultoria M\u00e8todes i T\u00e8cniques Aplicades","potentialAction":[{"@type":"SearchAction","target":{"@type":"EntryPoint","urlTemplate":"https:\/\/consultoriamit.com\/es\/?s={search_term_string}"},"query-input":"required name=search_term_string"}],"inLanguage":"es"},{"@type":"ImageObject","@id":"https:\/\/consultoriamit.com\/es\/encuentro-con-la-dra-julieta-montano-experta-en-temas-de-genero-y-derechos-humanos-de-bolivia\/#primaryimage","inLanguage":"es","url":"https:\/\/consultoriamit.com\/wp-content\/uploads\/2014\/01\/MIT-Consultoria-01291.jpg","contentUrl":"https:\/\/consultoriamit.com\/wp-content\/uploads\/2014\/01\/MIT-Consultoria-01291.jpg","width":640,"height":480},{"@type":"WebPage","@id":"https:\/\/consultoriamit.com\/es\/encuentro-con-la-dra-julieta-montano-experta-en-temas-de-genero-y-derechos-humanos-de-bolivia\/#webpage","url":"https:\/\/consultoriamit.com\/es\/encuentro-con-la-dra-julieta-montano-experta-en-temas-de-genero-y-derechos-humanos-de-bolivia\/","name":"Encuentro con la Dra. Julieta Monta\u00f1o experta en temas de g\u00e9nero y derechos humanos de Bolivia &raquo; Consultoria MiT","isPartOf":{"@id":"https:\/\/consultoriamit.com\/es\/#website"},"primaryImageOfPage":{"@id":"https:\/\/consultoriamit.com\/es\/encuentro-con-la-dra-julieta-montano-experta-en-temas-de-genero-y-derechos-humanos-de-bolivia\/#primaryimage"},"datePublished":"2014-01-28T22:00:00+00:00","dateModified":"2025-05-08T19:01:28+00:00","author":{"@id":"https:\/\/consultoriamit.com\/es\/#\/schema\/person\/c98ae0dea2dfdc288f15766a183f6a74"},"breadcrumb":{"@id":"https:\/\/consultoriamit.com\/es\/encuentro-con-la-dra-julieta-montano-experta-en-temas-de-genero-y-derechos-humanos-de-bolivia\/#breadcrumb"},"inLanguage":"es","potentialAction":[{"@type":"ReadAction","target":["https:\/\/consultoriamit.com\/es\/encuentro-con-la-dra-julieta-montano-experta-en-temas-de-genero-y-derechos-humanos-de-bolivia\/"]}]},{"@type":"BreadcrumbList","@id":"https:\/\/consultoriamit.com\/es\/encuentro-con-la-dra-julieta-montano-experta-en-temas-de-genero-y-derechos-humanos-de-bolivia\/#breadcrumb","itemListElement":[{"@type":"ListItem","position":1,"name":"Inici","item":"https:\/\/consultoriamit.com\/es\/inicio\/"},{"@type":"ListItem","position":2,"name":"Encuentro con la Dra. Julieta Monta\u00f1o experta en temas de g\u00e9nero y derechos humanos de Bolivia"}]},{"@type":"Person","@id":"https:\/\/consultoriamit.com\/es\/#\/schema\/person\/c98ae0dea2dfdc288f15766a183f6a74","name":"Luan","image":{"@type":"ImageObject","@id":"https:\/\/consultoriamit.com\/es\/#personlogo","inLanguage":"es","url":"https:\/\/secure.gravatar.com\/avatar\/390919a9f05beb6317693a580b391f34?s=96&d=mm&r=g","contentUrl":"https:\/\/secure.gravatar.com\/avatar\/390919a9f05beb6317693a580b391f34?s=96&d=mm&r=g","caption":"Luan"}}]}},"_links":{"self":[{"href":"https:\/\/consultoriamit.com\/es\/wp-json\/wp\/v2\/posts\/3524"}],"collection":[{"href":"https:\/\/consultoriamit.com\/es\/wp-json\/wp\/v2\/posts"}],"about":[{"href":"https:\/\/consultoriamit.com\/es\/wp-json\/wp\/v2\/types\/post"}],"author":[{"embeddable":true,"href":"https:\/\/consultoriamit.com\/es\/wp-json\/wp\/v2\/users\/2"}],"replies":[{"embeddable":true,"href":"https:\/\/consultoriamit.com\/es\/wp-json\/wp\/v2\/comments?post=3524"}],"version-history":[{"count":1,"href":"https:\/\/consultoriamit.com\/es\/wp-json\/wp\/v2\/posts\/3524\/revisions"}],"predecessor-version":[{"id":5213,"href":"https:\/\/consultoriamit.com\/es\/wp-json\/wp\/v2\/posts\/3524\/revisions\/5213"}],"wp:featuredmedia":[{"embeddable":true,"href":"https:\/\/consultoriamit.com\/es\/wp-json\/wp\/v2\/media\/2616"}],"wp:attachment":[{"href":"https:\/\/consultoriamit.com\/es\/wp-json\/wp\/v2\/media?parent=3524"}],"wp:term":[{"taxonomy":"category","embeddable":true,"href":"https:\/\/consultoriamit.com\/es\/wp-json\/wp\/v2\/categories?post=3524"},{"taxonomy":"post_tag","embeddable":true,"href":"https:\/\/consultoriamit.com\/es\/wp-json\/wp\/v2\/tags?post=3524"}],"curies":[{"name":"wp","href":"https:\/\/api.w.org\/{rel}","templated":true}]}}