{"id":3550,"date":"2013-01-24T00:00:00","date_gmt":"2013-01-23T22:00:00","guid":{"rendered":"http:\/\/consultoriamit.com\/gran-exito-en-la-presentacion-del-libro-corresponals-de-les-migracions\/"},"modified":"2025-05-08T21:05:37","modified_gmt":"2025-05-08T19:05:37","slug":"gran-exito-en-la-presentacion-del-libro-corresponals-de-les-migracions","status":"publish","type":"post","link":"https:\/\/consultoriamit.com\/es\/gran-exito-en-la-presentacion-del-libro-corresponals-de-les-migracions\/","title":{"rendered":"Gran \u00e9xito en la presentaci\u00f3n del libro \"Corresponals de les Migracions\""},"content":{"rendered":"<p><strong>El acto tubo lugar el d\u00eda 23 de enero en el Colegio de Periodistas de Catalunya ante un auditorio absolutamente lleno. Consultoria MiT ha sido mecenas de este interesante proyecto, c\u00f3mo parte de nuestra Responsabilitat Social Corporativa (RSC).<\/strong><!--more--><\/p>\n<p>Desde Consultor\u00eda MIT siempre hemos cre\u00eddo que la Responsabilidad Social Corporativa (RSC) es clave en nuestra pol\u00edtica organizativa y que \u00e9sta debe plasmarse en compromisos y acciones concretas. Por este motivo, desde Consultor\u00eda MIT hemos colaborado econ\u00f3micamente de forma totalmente altruista para que la edici\u00f3n del presente libro se haga realidad.<\/p>\n<p>La presentaci\u00f3n cont\u00f3 con la participaci\u00f3n de:<br \/>\n\u2022 El autor, el periodista belga, Jean-Paul Marthoz<br \/>\n\u2022 El director del programa Tot un m\u00f3n (TV3), Carles Sol\u00e0<br \/>\n\u2022 La periodista Alicia Oliver, de la Comisi\u00f3n de Periodismo Solidario del Colegio de Periodistas de Catalu\u00f1a<\/p>\n<p>Corresponsales de las migraciones, del periodista belga Jean-Paul Marthoz, ha sido adaptado al contexto catal\u00e1n y espa\u00f1ol para ofrecer, por un lado, las herramientas period\u00edsticas fundamentales para retratar el hecho migratorio. Un manual que pone sobre la mesa algunos de los principales interrogantes de la cobertura de las migraciones: hay que citar el origen \u00e9tnico? hay que dar la palabra a los y las racistas? c\u00f3mo se han de explicar las historias humanas? qu\u00e9 cuestiones \u00e9ticas se deben valorar en entrevistar personas en situaci\u00f3n de vulnerabilidad? Por otro lado, la obra aporta las nociones sociol\u00f3gicas y jur\u00eddicas para comprender las din\u00e1micas migratorias.<\/p>\n<p>Corresponsales para las migraciones es un manual que aborda con mirada compleja y \"glocal\" el hecho migratorio, una recopilaci\u00f3n de recursos pr\u00e1ctico y accesible dirigido a los y las periodistas de hoy y de ma\u00f1ana, los y las investigadoras, en definitiva, a toda persona interesada en retratar mejor este hecho global.<\/p>\n<p><strong>Enlaces<\/strong><\/p>\n<p><a href=\"http:\/\/pol-len.cat\/products\/corresponsals-de-les-migracions\" target=\"_blank\" rel=\"noopener\">Web del editorial<\/a><\/p>\n","protected":false},"excerpt":{"rendered":"<p>El acto tubo lugar el d\u00eda 23 de enero en el Colegio de Periodistas de Catalunya ante un auditorio absolutamente lleno. Consultoria MiT ha sido mecenas de este interesante proyecto, c\u00f3mo parte de nuestra Responsabilitat Social Corporativa (RSC).<\/p>\n","protected":false},"author":2,"featured_media":3024,"comment_status":"open","ping_status":"open","sticky":false,"template":"","format":"standard","meta":[],"categories":[358,324],"tags":[],"acf":[],"yoast_head":"<!-- This site is optimized with the Yoast SEO plugin v18.5.1 - https:\/\/yoast.com\/wordpress\/plugins\/seo\/ -->\n<title>Gran \u00e9xito en la presentaci\u00f3n del libro &quot;Corresponals de les Migracions&quot; &raquo; Consultoria MiT<\/title>\n<meta name=\"robots\" content=\"index, follow, max-snippet:-1, max-image-preview:large, max-video-preview:-1\" \/>\n<link rel=\"canonical\" href=\"https:\/\/consultoriamit.com\/es\/gran-exito-en-la-presentacion-del-libro-corresponals-de-les-migracions\/\" \/>\n<meta property=\"og:locale\" content=\"es_ES\" \/>\n<meta property=\"og:type\" content=\"article\" \/>\n<meta property=\"og:title\" content=\"Gran \u00e9xito en la presentaci\u00f3n del libro &quot;Corresponals de les Migracions&quot; &raquo; Consultoria MiT\" \/>\n<meta property=\"og:description\" content=\"El acto tubo lugar el d\u00eda 23 de enero en el Colegio de Periodistas de Catalunya ante un auditorio absolutamente lleno. Consultoria MiT ha sido mecenas de este interesante proyecto, c\u00f3mo parte de nuestra Responsabilitat Social Corporativa (RSC).\" \/>\n<meta property=\"og:url\" content=\"https:\/\/consultoriamit.com\/es\/gran-exito-en-la-presentacion-del-libro-corresponals-de-les-migracions\/\" \/>\n<meta property=\"og:site_name\" content=\"Consultoria MiT\" \/>\n<meta property=\"article:published_time\" content=\"2013-01-23T22:00:00+00:00\" \/>\n<meta property=\"article:modified_time\" content=\"2025-05-08T19:05:37+00:00\" \/>\n<meta property=\"og:image\" content=\"https:\/\/consultoriamit.com\/wp-content\/uploads\/2013\/01\/MIT-Consultoria-0581.png\" \/>\n\t<meta property=\"og:image:width\" content=\"328\" \/>\n\t<meta property=\"og:image:height\" content=\"463\" \/>\n\t<meta property=\"og:image:type\" content=\"image\/png\" \/>\n<meta name=\"twitter:card\" content=\"summary_large_image\" \/>\n<meta name=\"twitter:creator\" content=\"@CONSULTORIAMiT\" \/>\n<meta name=\"twitter:site\" content=\"@CONSULTORIAMiT\" \/>\n<meta name=\"twitter:label1\" content=\"Escrito por\" \/>\n\t<meta name=\"twitter:data1\" content=\"Luan\" \/>\n\t<meta name=\"twitter:label2\" content=\"Tiempo de lectura\" \/>\n\t<meta name=\"twitter:data2\" content=\"2 minutos\" \/>\n<script type=\"application\/ld+json\" class=\"yoast-schema-graph\">{\"@context\":\"https:\/\/schema.org\",\"@graph\":[{\"@type\":\"WebSite\",\"@id\":\"https:\/\/consultoriamit.com\/es\/#website\",\"url\":\"https:\/\/consultoriamit.com\/es\/\",\"name\":\"Consultoria Mit\",\"description\":\"Consultoria M\u00e8todes i T\u00e8cniques Aplicades\",\"potentialAction\":[{\"@type\":\"SearchAction\",\"target\":{\"@type\":\"EntryPoint\",\"urlTemplate\":\"https:\/\/consultoriamit.com\/es\/?s={search_term_string}\"},\"query-input\":\"required name=search_term_string\"}],\"inLanguage\":\"es\"},{\"@type\":\"ImageObject\",\"@id\":\"https:\/\/consultoriamit.com\/es\/gran-exito-en-la-presentacion-del-libro-corresponals-de-les-migracions\/#primaryimage\",\"inLanguage\":\"es\",\"url\":\"https:\/\/consultoriamit.com\/wp-content\/uploads\/2013\/01\/MIT-Consultoria-0581.png\",\"contentUrl\":\"https:\/\/consultoriamit.com\/wp-content\/uploads\/2013\/01\/MIT-Consultoria-0581.png\",\"width\":328,\"height\":463},{\"@type\":\"WebPage\",\"@id\":\"https:\/\/consultoriamit.com\/es\/gran-exito-en-la-presentacion-del-libro-corresponals-de-les-migracions\/#webpage\",\"url\":\"https:\/\/consultoriamit.com\/es\/gran-exito-en-la-presentacion-del-libro-corresponals-de-les-migracions\/\",\"name\":\"Gran \u00e9xito en la presentaci\u00f3n del libro \\\"Corresponals de les Migracions\\\" &raquo; Consultoria MiT\",\"isPartOf\":{\"@id\":\"https:\/\/consultoriamit.com\/es\/#website\"},\"primaryImageOfPage\":{\"@id\":\"https:\/\/consultoriamit.com\/es\/gran-exito-en-la-presentacion-del-libro-corresponals-de-les-migracions\/#primaryimage\"},\"datePublished\":\"2013-01-23T22:00:00+00:00\",\"dateModified\":\"2025-05-08T19:05:37+00:00\",\"author\":{\"@id\":\"https:\/\/consultoriamit.com\/es\/#\/schema\/person\/c98ae0dea2dfdc288f15766a183f6a74\"},\"breadcrumb\":{\"@id\":\"https:\/\/consultoriamit.com\/es\/gran-exito-en-la-presentacion-del-libro-corresponals-de-les-migracions\/#breadcrumb\"},\"inLanguage\":\"es\",\"potentialAction\":[{\"@type\":\"ReadAction\",\"target\":[\"https:\/\/consultoriamit.com\/es\/gran-exito-en-la-presentacion-del-libro-corresponals-de-les-migracions\/\"]}]},{\"@type\":\"BreadcrumbList\",\"@id\":\"https:\/\/consultoriamit.com\/es\/gran-exito-en-la-presentacion-del-libro-corresponals-de-les-migracions\/#breadcrumb\",\"itemListElement\":[{\"@type\":\"ListItem\",\"position\":1,\"name\":\"Inici\",\"item\":\"https:\/\/consultoriamit.com\/es\/inicio\/\"},{\"@type\":\"ListItem\",\"position\":2,\"name\":\"Gran \u00e9xito en la presentaci\u00f3n del libro \\\"Corresponals de les Migracions\\\"\"}]},{\"@type\":\"Person\",\"@id\":\"https:\/\/consultoriamit.com\/es\/#\/schema\/person\/c98ae0dea2dfdc288f15766a183f6a74\",\"name\":\"Luan\",\"image\":{\"@type\":\"ImageObject\",\"@id\":\"https:\/\/consultoriamit.com\/es\/#personlogo\",\"inLanguage\":\"es\",\"url\":\"https:\/\/secure.gravatar.com\/avatar\/390919a9f05beb6317693a580b391f34?s=96&d=mm&r=g\",\"contentUrl\":\"https:\/\/secure.gravatar.com\/avatar\/390919a9f05beb6317693a580b391f34?s=96&d=mm&r=g\",\"caption\":\"Luan\"}}]}<\/script>\n<!-- \/ Yoast SEO plugin. -->","yoast_head_json":{"title":"Gran \u00e9xito en la presentaci\u00f3n del libro \"Corresponals de les Migracions\" &raquo; Consultoria MiT","robots":{"index":"index","follow":"follow","max-snippet":"max-snippet:-1","max-image-preview":"max-image-preview:large","max-video-preview":"max-video-preview:-1"},"canonical":"https:\/\/consultoriamit.com\/es\/gran-exito-en-la-presentacion-del-libro-corresponals-de-les-migracions\/","og_locale":"es_ES","og_type":"article","og_title":"Gran \u00e9xito en la presentaci\u00f3n del libro \"Corresponals de les Migracions\" &raquo; Consultoria MiT","og_description":"El acto tubo lugar el d\u00eda 23 de enero en el Colegio de Periodistas de Catalunya ante un auditorio absolutamente lleno. Consultoria MiT ha sido mecenas de este interesante proyecto, c\u00f3mo parte de nuestra Responsabilitat Social Corporativa (RSC).","og_url":"https:\/\/consultoriamit.com\/es\/gran-exito-en-la-presentacion-del-libro-corresponals-de-les-migracions\/","og_site_name":"Consultoria MiT","article_published_time":"2013-01-23T22:00:00+00:00","article_modified_time":"2025-05-08T19:05:37+00:00","og_image":[{"width":328,"height":463,"url":"https:\/\/consultoriamit.com\/wp-content\/uploads\/2013\/01\/MIT-Consultoria-0581.png","type":"image\/png"}],"twitter_card":"summary_large_image","twitter_creator":"@CONSULTORIAMiT","twitter_site":"@CONSULTORIAMiT","twitter_misc":{"Escrito por":"Luan","Tiempo de lectura":"2 minutos"},"schema":{"@context":"https:\/\/schema.org","@graph":[{"@type":"WebSite","@id":"https:\/\/consultoriamit.com\/es\/#website","url":"https:\/\/consultoriamit.com\/es\/","name":"Consultoria Mit","description":"Consultoria M\u00e8todes i T\u00e8cniques Aplicades","potentialAction":[{"@type":"SearchAction","target":{"@type":"EntryPoint","urlTemplate":"https:\/\/consultoriamit.com\/es\/?s={search_term_string}"},"query-input":"required name=search_term_string"}],"inLanguage":"es"},{"@type":"ImageObject","@id":"https:\/\/consultoriamit.com\/es\/gran-exito-en-la-presentacion-del-libro-corresponals-de-les-migracions\/#primaryimage","inLanguage":"es","url":"https:\/\/consultoriamit.com\/wp-content\/uploads\/2013\/01\/MIT-Consultoria-0581.png","contentUrl":"https:\/\/consultoriamit.com\/wp-content\/uploads\/2013\/01\/MIT-Consultoria-0581.png","width":328,"height":463},{"@type":"WebPage","@id":"https:\/\/consultoriamit.com\/es\/gran-exito-en-la-presentacion-del-libro-corresponals-de-les-migracions\/#webpage","url":"https:\/\/consultoriamit.com\/es\/gran-exito-en-la-presentacion-del-libro-corresponals-de-les-migracions\/","name":"Gran \u00e9xito en la presentaci\u00f3n del libro \"Corresponals de les Migracions\" &raquo; Consultoria MiT","isPartOf":{"@id":"https:\/\/consultoriamit.com\/es\/#website"},"primaryImageOfPage":{"@id":"https:\/\/consultoriamit.com\/es\/gran-exito-en-la-presentacion-del-libro-corresponals-de-les-migracions\/#primaryimage"},"datePublished":"2013-01-23T22:00:00+00:00","dateModified":"2025-05-08T19:05:37+00:00","author":{"@id":"https:\/\/consultoriamit.com\/es\/#\/schema\/person\/c98ae0dea2dfdc288f15766a183f6a74"},"breadcrumb":{"@id":"https:\/\/consultoriamit.com\/es\/gran-exito-en-la-presentacion-del-libro-corresponals-de-les-migracions\/#breadcrumb"},"inLanguage":"es","potentialAction":[{"@type":"ReadAction","target":["https:\/\/consultoriamit.com\/es\/gran-exito-en-la-presentacion-del-libro-corresponals-de-les-migracions\/"]}]},{"@type":"BreadcrumbList","@id":"https:\/\/consultoriamit.com\/es\/gran-exito-en-la-presentacion-del-libro-corresponals-de-les-migracions\/#breadcrumb","itemListElement":[{"@type":"ListItem","position":1,"name":"Inici","item":"https:\/\/consultoriamit.com\/es\/inicio\/"},{"@type":"ListItem","position":2,"name":"Gran \u00e9xito en la presentaci\u00f3n del libro \"Corresponals de les Migracions\""}]},{"@type":"Person","@id":"https:\/\/consultoriamit.com\/es\/#\/schema\/person\/c98ae0dea2dfdc288f15766a183f6a74","name":"Luan","image":{"@type":"ImageObject","@id":"https:\/\/consultoriamit.com\/es\/#personlogo","inLanguage":"es","url":"https:\/\/secure.gravatar.com\/avatar\/390919a9f05beb6317693a580b391f34?s=96&d=mm&r=g","contentUrl":"https:\/\/secure.gravatar.com\/avatar\/390919a9f05beb6317693a580b391f34?s=96&d=mm&r=g","caption":"Luan"}}]}},"_links":{"self":[{"href":"https:\/\/consultoriamit.com\/es\/wp-json\/wp\/v2\/posts\/3550"}],"collection":[{"href":"https:\/\/consultoriamit.com\/es\/wp-json\/wp\/v2\/posts"}],"about":[{"href":"https:\/\/consultoriamit.com\/es\/wp-json\/wp\/v2\/types\/post"}],"author":[{"embeddable":true,"href":"https:\/\/consultoriamit.com\/es\/wp-json\/wp\/v2\/users\/2"}],"replies":[{"embeddable":true,"href":"https:\/\/consultoriamit.com\/es\/wp-json\/wp\/v2\/comments?post=3550"}],"version-history":[{"count":1,"href":"https:\/\/consultoriamit.com\/es\/wp-json\/wp\/v2\/posts\/3550\/revisions"}],"predecessor-version":[{"id":5189,"href":"https:\/\/consultoriamit.com\/es\/wp-json\/wp\/v2\/posts\/3550\/revisions\/5189"}],"wp:featuredmedia":[{"embeddable":true,"href":"https:\/\/consultoriamit.com\/es\/wp-json\/wp\/v2\/media\/3024"}],"wp:attachment":[{"href":"https:\/\/consultoriamit.com\/es\/wp-json\/wp\/v2\/media?parent=3550"}],"wp:term":[{"taxonomy":"category","embeddable":true,"href":"https:\/\/consultoriamit.com\/es\/wp-json\/wp\/v2\/categories?post=3550"},{"taxonomy":"post_tag","embeddable":true,"href":"https:\/\/consultoriamit.com\/es\/wp-json\/wp\/v2\/tags?post=3550"}],"curies":[{"name":"wp","href":"https:\/\/api.w.org\/{rel}","templated":true}]}}