{"id":3588,"date":"2016-10-30T14:14:00","date_gmt":"2016-10-30T12:14:00","guid":{"rendered":"http:\/\/consultoriamit.com\/?p=3588"},"modified":"2025-05-08T22:04:25","modified_gmt":"2025-05-08T20:04:25","slug":"mit-ayuda-a-que-sant-cugat-tenga-el-sello-de-ciudad-amiga-de-la-infancia-hasta-el-2020","status":"publish","type":"post","link":"https:\/\/consultoriamit.com\/es\/mit-ayuda-a-que-sant-cugat-tenga-el-sello-de-ciudad-amiga-de-la-infancia-hasta-el-2020\/","title":{"rendered":"MiT ayuda a que Sant Cugat tenga el sello de Ciudad Amiga de la infancia hasta el 2020"},"content":{"rendered":"\n<p><strong>En el marco de la evaluaci\u00f3n del Plan Local de Infancia y Adolescencia, MiT colabora con el Patronato Municipal de Educaci\u00f3n del Ayuntamiento de Sant Cugat. <\/strong><\/p>\n\n\n\n<!--more-->\n\n\n\n<p>El pasado 13 de octubre la secretar\u00eda permanente de Unicef otorg\u00f3 la renovaci\u00f3n del sello Ciudad Amiga de la Infancia a Sant Cugat del Vall\u00e9s hasta el 2020. Este distintivo reconoce el esfuerzo del gobierno local para continuar utilizando y aplicando el Plan Local de la Infancia y Adolescencia (PLIA), herramienta fundamental para estructurar todas las pol\u00edticas en torno a la infancia y adolescencia, desde que se puso en marcha en noviembre de 2012.<\/p>\n\n\n\n<p>El equipo de MiT colabor\u00f3, durante el \u00faltimo trimestre, con el Patronato Municipal de Educaci\u00f3n del Ayuntamiento de Sant Cugat, con un doble objetivo: el primero, evaluar el grado de implementaci\u00f3n del PLIA, y el segundo, apuntar cu\u00e1les son las actuales necesidades de la infancia y adolescencia. Este trabajo fue posible gracias a la colaboraci\u00f3n del personal t\u00e9cnico de todas las \u00e1reas implicadas (Educaci\u00f3n, juventud, pol\u00edticas sociales, participaci\u00f3n ciudadana, etc.), con diferentes sesiones de trabajo y participaci\u00f3n con la comunidad educativa.<\/p>\n\n\n\n<p>A trav\u00e9s de esta evaluaci\u00f3n se formaron las estrategias para el futuro Plan Local de Infancia, Adolescencia y Juventud para mejorar el bienestar de la infancia y adolescencia de Sant Cugat  que superan el 25% de la poblaci\u00f3n.<\/p>\n\n\n\n<div class=\"wp-container-3 wp-block-group\"><div class=\"wp-block-group__inner-container\">\n<div class=\"wp-container-2 wp-block-columns\">\n<div class=\"wp-container-1 wp-block-column\" style=\"flex-basis:100%\"><\/div>\n<\/div>\n<\/div><\/div>\n","protected":false},"excerpt":{"rendered":"<p>En el marco de la evaluaci\u00f3n del Plan Local de Infancia y Adolescencia, MiT colabora con el Patronato Municipal de Educaci\u00f3n del Ayuntamiento de Sant Cugat.<\/p>\n","protected":false},"author":2,"featured_media":3589,"comment_status":"open","ping_status":"open","sticky":false,"template":"","format":"standard","meta":[],"categories":[367],"tags":[],"acf":[],"yoast_head":"<!-- This site is optimized with the Yoast SEO plugin v18.5.1 - https:\/\/yoast.com\/wordpress\/plugins\/seo\/ -->\n<title>MiT ayuda a que Sant Cugat tenga el sello de Ciudad Amiga de la infancia hasta el 2020 &raquo; Consultoria MiT<\/title>\n<meta name=\"robots\" content=\"index, follow, max-snippet:-1, max-image-preview:large, max-video-preview:-1\" \/>\n<link rel=\"canonical\" href=\"https:\/\/consultoriamit.com\/es\/mit-ayuda-a-que-sant-cugat-tenga-el-sello-de-ciudad-amiga-de-la-infancia-hasta-el-2020\/\" \/>\n<meta property=\"og:locale\" content=\"es_ES\" \/>\n<meta property=\"og:type\" content=\"article\" \/>\n<meta property=\"og:title\" content=\"MiT ayuda a que Sant Cugat tenga el sello de Ciudad Amiga de la infancia hasta el 2020 &raquo; Consultoria MiT\" \/>\n<meta property=\"og:description\" content=\"En el marco de la evaluaci\u00f3n del Plan Local de Infancia y Adolescencia, MiT colabora con el Patronato Municipal de Educaci\u00f3n del Ayuntamiento de Sant Cugat.\" \/>\n<meta property=\"og:url\" content=\"https:\/\/consultoriamit.com\/es\/mit-ayuda-a-que-sant-cugat-tenga-el-sello-de-ciudad-amiga-de-la-infancia-hasta-el-2020\/\" \/>\n<meta property=\"og:site_name\" content=\"Consultoria MiT\" \/>\n<meta property=\"article:published_time\" content=\"2016-10-30T12:14:00+00:00\" \/>\n<meta property=\"article:modified_time\" content=\"2025-05-08T20:04:25+00:00\" \/>\n<meta property=\"og:image\" content=\"https:\/\/consultoriamit.com\/wp-content\/uploads\/2021\/05\/press_room_header_2.jpg\" \/>\n\t<meta property=\"og:image:width\" content=\"1420\" \/>\n\t<meta property=\"og:image:height\" content=\"320\" \/>\n\t<meta property=\"og:image:type\" content=\"image\/jpeg\" \/>\n<meta name=\"twitter:card\" content=\"summary_large_image\" \/>\n<meta name=\"twitter:creator\" content=\"@CONSULTORIAMiT\" \/>\n<meta name=\"twitter:site\" content=\"@CONSULTORIAMiT\" \/>\n<meta name=\"twitter:label1\" content=\"Escrito por\" \/>\n\t<meta name=\"twitter:data1\" content=\"Luan\" \/>\n\t<meta name=\"twitter:label2\" content=\"Tiempo de lectura\" \/>\n\t<meta name=\"twitter:data2\" content=\"2 minutos\" \/>\n<script type=\"application\/ld+json\" class=\"yoast-schema-graph\">{\"@context\":\"https:\/\/schema.org\",\"@graph\":[{\"@type\":\"WebSite\",\"@id\":\"https:\/\/consultoriamit.com\/es\/#website\",\"url\":\"https:\/\/consultoriamit.com\/es\/\",\"name\":\"Consultoria Mit\",\"description\":\"Consultoria M\u00e8todes i T\u00e8cniques Aplicades\",\"potentialAction\":[{\"@type\":\"SearchAction\",\"target\":{\"@type\":\"EntryPoint\",\"urlTemplate\":\"https:\/\/consultoriamit.com\/es\/?s={search_term_string}\"},\"query-input\":\"required name=search_term_string\"}],\"inLanguage\":\"es\"},{\"@type\":\"ImageObject\",\"@id\":\"https:\/\/consultoriamit.com\/es\/mit-ayuda-a-que-sant-cugat-tenga-el-sello-de-ciudad-amiga-de-la-infancia-hasta-el-2020\/#primaryimage\",\"inLanguage\":\"es\",\"url\":\"https:\/\/consultoriamit.com\/wp-content\/uploads\/2021\/05\/press_room_header_2.jpg\",\"contentUrl\":\"https:\/\/consultoriamit.com\/wp-content\/uploads\/2021\/05\/press_room_header_2.jpg\",\"width\":1420,\"height\":320},{\"@type\":\"WebPage\",\"@id\":\"https:\/\/consultoriamit.com\/es\/mit-ayuda-a-que-sant-cugat-tenga-el-sello-de-ciudad-amiga-de-la-infancia-hasta-el-2020\/#webpage\",\"url\":\"https:\/\/consultoriamit.com\/es\/mit-ayuda-a-que-sant-cugat-tenga-el-sello-de-ciudad-amiga-de-la-infancia-hasta-el-2020\/\",\"name\":\"MiT ayuda a que Sant Cugat tenga el sello de Ciudad Amiga de la infancia hasta el 2020 &raquo; Consultoria MiT\",\"isPartOf\":{\"@id\":\"https:\/\/consultoriamit.com\/es\/#website\"},\"primaryImageOfPage\":{\"@id\":\"https:\/\/consultoriamit.com\/es\/mit-ayuda-a-que-sant-cugat-tenga-el-sello-de-ciudad-amiga-de-la-infancia-hasta-el-2020\/#primaryimage\"},\"datePublished\":\"2016-10-30T12:14:00+00:00\",\"dateModified\":\"2025-05-08T20:04:25+00:00\",\"author\":{\"@id\":\"https:\/\/consultoriamit.com\/es\/#\/schema\/person\/c98ae0dea2dfdc288f15766a183f6a74\"},\"breadcrumb\":{\"@id\":\"https:\/\/consultoriamit.com\/es\/mit-ayuda-a-que-sant-cugat-tenga-el-sello-de-ciudad-amiga-de-la-infancia-hasta-el-2020\/#breadcrumb\"},\"inLanguage\":\"es\",\"potentialAction\":[{\"@type\":\"ReadAction\",\"target\":[\"https:\/\/consultoriamit.com\/es\/mit-ayuda-a-que-sant-cugat-tenga-el-sello-de-ciudad-amiga-de-la-infancia-hasta-el-2020\/\"]}]},{\"@type\":\"BreadcrumbList\",\"@id\":\"https:\/\/consultoriamit.com\/es\/mit-ayuda-a-que-sant-cugat-tenga-el-sello-de-ciudad-amiga-de-la-infancia-hasta-el-2020\/#breadcrumb\",\"itemListElement\":[{\"@type\":\"ListItem\",\"position\":1,\"name\":\"Inici\",\"item\":\"https:\/\/consultoriamit.com\/es\/inicio\/\"},{\"@type\":\"ListItem\",\"position\":2,\"name\":\"MiT ayuda a que Sant Cugat tenga el sello de Ciudad Amiga de la infancia hasta el 2020\"}]},{\"@type\":\"Person\",\"@id\":\"https:\/\/consultoriamit.com\/es\/#\/schema\/person\/c98ae0dea2dfdc288f15766a183f6a74\",\"name\":\"Luan\",\"image\":{\"@type\":\"ImageObject\",\"@id\":\"https:\/\/consultoriamit.com\/es\/#personlogo\",\"inLanguage\":\"es\",\"url\":\"https:\/\/secure.gravatar.com\/avatar\/390919a9f05beb6317693a580b391f34?s=96&d=mm&r=g\",\"contentUrl\":\"https:\/\/secure.gravatar.com\/avatar\/390919a9f05beb6317693a580b391f34?s=96&d=mm&r=g\",\"caption\":\"Luan\"}}]}<\/script>\n<!-- \/ Yoast SEO plugin. -->","yoast_head_json":{"title":"MiT ayuda a que Sant Cugat tenga el sello de Ciudad Amiga de la infancia hasta el 2020 &raquo; Consultoria MiT","robots":{"index":"index","follow":"follow","max-snippet":"max-snippet:-1","max-image-preview":"max-image-preview:large","max-video-preview":"max-video-preview:-1"},"canonical":"https:\/\/consultoriamit.com\/es\/mit-ayuda-a-que-sant-cugat-tenga-el-sello-de-ciudad-amiga-de-la-infancia-hasta-el-2020\/","og_locale":"es_ES","og_type":"article","og_title":"MiT ayuda a que Sant Cugat tenga el sello de Ciudad Amiga de la infancia hasta el 2020 &raquo; Consultoria MiT","og_description":"En el marco de la evaluaci\u00f3n del Plan Local de Infancia y Adolescencia, MiT colabora con el Patronato Municipal de Educaci\u00f3n del Ayuntamiento de Sant Cugat.","og_url":"https:\/\/consultoriamit.com\/es\/mit-ayuda-a-que-sant-cugat-tenga-el-sello-de-ciudad-amiga-de-la-infancia-hasta-el-2020\/","og_site_name":"Consultoria MiT","article_published_time":"2016-10-30T12:14:00+00:00","article_modified_time":"2025-05-08T20:04:25+00:00","og_image":[{"width":1420,"height":320,"url":"https:\/\/consultoriamit.com\/wp-content\/uploads\/2021\/05\/press_room_header_2.jpg","type":"image\/jpeg"}],"twitter_card":"summary_large_image","twitter_creator":"@CONSULTORIAMiT","twitter_site":"@CONSULTORIAMiT","twitter_misc":{"Escrito por":"Luan","Tiempo de lectura":"2 minutos"},"schema":{"@context":"https:\/\/schema.org","@graph":[{"@type":"WebSite","@id":"https:\/\/consultoriamit.com\/es\/#website","url":"https:\/\/consultoriamit.com\/es\/","name":"Consultoria Mit","description":"Consultoria M\u00e8todes i T\u00e8cniques Aplicades","potentialAction":[{"@type":"SearchAction","target":{"@type":"EntryPoint","urlTemplate":"https:\/\/consultoriamit.com\/es\/?s={search_term_string}"},"query-input":"required name=search_term_string"}],"inLanguage":"es"},{"@type":"ImageObject","@id":"https:\/\/consultoriamit.com\/es\/mit-ayuda-a-que-sant-cugat-tenga-el-sello-de-ciudad-amiga-de-la-infancia-hasta-el-2020\/#primaryimage","inLanguage":"es","url":"https:\/\/consultoriamit.com\/wp-content\/uploads\/2021\/05\/press_room_header_2.jpg","contentUrl":"https:\/\/consultoriamit.com\/wp-content\/uploads\/2021\/05\/press_room_header_2.jpg","width":1420,"height":320},{"@type":"WebPage","@id":"https:\/\/consultoriamit.com\/es\/mit-ayuda-a-que-sant-cugat-tenga-el-sello-de-ciudad-amiga-de-la-infancia-hasta-el-2020\/#webpage","url":"https:\/\/consultoriamit.com\/es\/mit-ayuda-a-que-sant-cugat-tenga-el-sello-de-ciudad-amiga-de-la-infancia-hasta-el-2020\/","name":"MiT ayuda a que Sant Cugat tenga el sello de Ciudad Amiga de la infancia hasta el 2020 &raquo; Consultoria MiT","isPartOf":{"@id":"https:\/\/consultoriamit.com\/es\/#website"},"primaryImageOfPage":{"@id":"https:\/\/consultoriamit.com\/es\/mit-ayuda-a-que-sant-cugat-tenga-el-sello-de-ciudad-amiga-de-la-infancia-hasta-el-2020\/#primaryimage"},"datePublished":"2016-10-30T12:14:00+00:00","dateModified":"2025-05-08T20:04:25+00:00","author":{"@id":"https:\/\/consultoriamit.com\/es\/#\/schema\/person\/c98ae0dea2dfdc288f15766a183f6a74"},"breadcrumb":{"@id":"https:\/\/consultoriamit.com\/es\/mit-ayuda-a-que-sant-cugat-tenga-el-sello-de-ciudad-amiga-de-la-infancia-hasta-el-2020\/#breadcrumb"},"inLanguage":"es","potentialAction":[{"@type":"ReadAction","target":["https:\/\/consultoriamit.com\/es\/mit-ayuda-a-que-sant-cugat-tenga-el-sello-de-ciudad-amiga-de-la-infancia-hasta-el-2020\/"]}]},{"@type":"BreadcrumbList","@id":"https:\/\/consultoriamit.com\/es\/mit-ayuda-a-que-sant-cugat-tenga-el-sello-de-ciudad-amiga-de-la-infancia-hasta-el-2020\/#breadcrumb","itemListElement":[{"@type":"ListItem","position":1,"name":"Inici","item":"https:\/\/consultoriamit.com\/es\/inicio\/"},{"@type":"ListItem","position":2,"name":"MiT ayuda a que Sant Cugat tenga el sello de Ciudad Amiga de la infancia hasta el 2020"}]},{"@type":"Person","@id":"https:\/\/consultoriamit.com\/es\/#\/schema\/person\/c98ae0dea2dfdc288f15766a183f6a74","name":"Luan","image":{"@type":"ImageObject","@id":"https:\/\/consultoriamit.com\/es\/#personlogo","inLanguage":"es","url":"https:\/\/secure.gravatar.com\/avatar\/390919a9f05beb6317693a580b391f34?s=96&d=mm&r=g","contentUrl":"https:\/\/secure.gravatar.com\/avatar\/390919a9f05beb6317693a580b391f34?s=96&d=mm&r=g","caption":"Luan"}}]}},"_links":{"self":[{"href":"https:\/\/consultoriamit.com\/es\/wp-json\/wp\/v2\/posts\/3588"}],"collection":[{"href":"https:\/\/consultoriamit.com\/es\/wp-json\/wp\/v2\/posts"}],"about":[{"href":"https:\/\/consultoriamit.com\/es\/wp-json\/wp\/v2\/types\/post"}],"author":[{"embeddable":true,"href":"https:\/\/consultoriamit.com\/es\/wp-json\/wp\/v2\/users\/2"}],"replies":[{"embeddable":true,"href":"https:\/\/consultoriamit.com\/es\/wp-json\/wp\/v2\/comments?post=3588"}],"version-history":[{"count":2,"href":"https:\/\/consultoriamit.com\/es\/wp-json\/wp\/v2\/posts\/3588\/revisions"}],"predecessor-version":[{"id":5270,"href":"https:\/\/consultoriamit.com\/es\/wp-json\/wp\/v2\/posts\/3588\/revisions\/5270"}],"wp:featuredmedia":[{"embeddable":true,"href":"https:\/\/consultoriamit.com\/es\/wp-json\/wp\/v2\/media\/3589"}],"wp:attachment":[{"href":"https:\/\/consultoriamit.com\/es\/wp-json\/wp\/v2\/media?parent=3588"}],"wp:term":[{"taxonomy":"category","embeddable":true,"href":"https:\/\/consultoriamit.com\/es\/wp-json\/wp\/v2\/categories?post=3588"},{"taxonomy":"post_tag","embeddable":true,"href":"https:\/\/consultoriamit.com\/es\/wp-json\/wp\/v2\/tags?post=3588"}],"curies":[{"name":"wp","href":"https:\/\/api.w.org\/{rel}","templated":true}]}}