{"id":5634,"date":"2022-07-15T12:21:07","date_gmt":"2022-07-15T10:21:07","guid":{"rendered":"https:\/\/consultoriamit.com\/?p=5634"},"modified":"2022-07-15T12:26:59","modified_gmt":"2022-07-15T10:26:59","slug":"conferencia-inspiracional-sobre-liderazgo-feminista-en-la-ii-edicion-emprenedona-para-impulsar-la-creacion-y-consolidacion-de-negocios-liderados-por-mujeres","status":"publish","type":"post","link":"https:\/\/consultoriamit.com\/es\/conferencia-inspiracional-sobre-liderazgo-feminista-en-la-ii-edicion-emprenedona-para-impulsar-la-creacion-y-consolidacion-de-negocios-liderados-por-mujeres\/","title":{"rendered":"Conferencia inspiracional sobre liderazgo feminista en la II edici\u00f3n #Emprenedona para impulsar la creaci\u00f3n y consolidaci\u00f3n de negocios liderados por mujeres"},"content":{"rendered":"\n<p><strong>Valores, estrategia, hoja de ruta y mucha energ\u00eda en la conferencia que <a href=\"https:\/\/www.instagram.com\/blancamoreno_mit\/?hl=es\" target=\"_blank\" rel=\"noreferrer noopener\">Blanca Moreno<\/a>, directora de la Consultor\u00eda MiT, imparti\u00f3 en <a href=\"https:\/\/www.instagram.com\/lacibascg\/\" target=\"_blank\" rel=\"noreferrer noopener\">@lacibascg<\/a>&nbsp; ante muchas empresarias, emprendedoras y profesionales que revisan su modelo de negocio desde un nuevo prisma.<\/strong><\/p>\n\n\n\n<p>Esta II edici\u00f3n de Emprenedona, se basa en un programa para fomentar la creaci\u00f3n y consolidaci\u00f3n de negocios liderados por mujeres. En total, participar\u00e1n una cuarentena de empresarias y emprendedoras de Santa Coloma y Sant Adri\u00e0, ambos municipios impulsores. #Emprenedona se desarrollar\u00e1 hasta diciembre e incluye itinerarios formativos, sesiones de coaching y tutorizaci\u00f3n y networkings para ayudar a crear red de soporte.<\/p>\n\n\n<div class=\"wp-block-image\">\n<figure class=\"alignright size-full is-resized\"><img loading=\"lazy\" src=\"https:\/\/consultoriamit.com\/wp-content\/uploads\/2022\/07\/subiir-castellano.jpg\" alt=\"\" class=\"wp-image-5637\" width=\"401\" height=\"433\" srcset=\"https:\/\/consultoriamit.com\/wp-content\/uploads\/2022\/07\/subiir-castellano.jpg 632w, https:\/\/consultoriamit.com\/wp-content\/uploads\/2022\/07\/subiir-castellano-278x300.jpg 278w\" sizes=\"(max-width: 401px) 100vw, 401px\" \/><\/figure><\/div>\n\n\n<p>Este programa tiene como objetivo acortar la brecha de g\u00e9nero, acabar con la precariedad del emprendimiento femenino y, al mismo tiempo, visibilizar iniciativas lideradas por mujeres que contribuyan a crear referentes para futuras emprendedoras. Y es que, en el mundo de la emprendedur\u00eda sigue existiendo una importante desigualdad. Seg\u00fan datos de 2021 del Ministerio de Trabajo, de los poco m\u00e1s de dos millones de personas aut\u00f3nomas, s\u00f3lo el 36,2% son mujeres. Esta brecha de g\u00e9nero es multicausal, pero se explica principalmente por las m\u00faltiples barreras que encuentran las mujeres a la hora de abrir un negocio y por el hecho de tener que desarrollar su actividad en un entorno con estructuras patrialcales.<\/p>\n\n\n\n<p>La presentaci\u00f3n, que ha tenido lugar en \u00a0<a href=\"https:\/\/www.instagram.com\/lacibascg\/\" target=\"_blank\" rel=\"noreferrer noopener\">@lacibascg<\/a>, ha corrido a cargo de la segunda teniente de alcaldesa y presidenta de Grameimpuls <a href=\"https:\/\/www.instagram.com\/blancapadros\/\" target=\"_blank\" rel=\"noreferrer noopener\">Blanca Padr\u00f3s<\/a> y la alcaldesa de Sant Adri\u00e0 de Bes\u00f2s <a href=\"https:\/\/www.instagram.com\/canetefilo\/?hl=es\" target=\"_blank\" rel=\"noreferrer noopener\">Filo Ca\u00f1ete<\/a>, que han resaltado la importancia de impulsar estos programas.<\/p>\n\n\n\n<p>#SantaColoma #Gramenet #Grameimpuls<\/p>\n\n\n\n<p>Im\u00e1genes de la presentaci\u00f3n de <a href=\"https:\/\/www.instagram.com\/blancamoreno_mit\/?hl=es\" target=\"_blank\" rel=\"noreferrer noopener\">@blancamoreno_mit <\/a> en #Emprenadona:<\/p>\n\n\n\n<div class=\"wp-container-3 wp-block-columns\">\n<div class=\"wp-container-1 wp-block-column\">\n<figure class=\"wp-block-image size-large\"><img loading=\"lazy\" width=\"1024\" height=\"1003\" src=\"https:\/\/consultoriamit.com\/wp-content\/uploads\/2022\/07\/cabecera-ciba-2-1024x1003.jpeg\" alt=\"\" class=\"wp-image-5639\" srcset=\"https:\/\/consultoriamit.com\/wp-content\/uploads\/2022\/07\/cabecera-ciba-2-1024x1003.jpeg 1024w, https:\/\/consultoriamit.com\/wp-content\/uploads\/2022\/07\/cabecera-ciba-2-300x294.jpeg 300w, https:\/\/consultoriamit.com\/wp-content\/uploads\/2022\/07\/cabecera-ciba-2-768x752.jpeg 768w, https:\/\/consultoriamit.com\/wp-content\/uploads\/2022\/07\/cabecera-ciba-2.jpeg 1080w\" sizes=\"(max-width: 1024px) 100vw, 1024px\" \/><\/figure>\n<\/div>\n\n\n\n<div class=\"wp-container-2 wp-block-column\">\n<figure class=\"wp-block-image size-large\"><img loading=\"lazy\" width=\"1024\" height=\"1005\" src=\"https:\/\/consultoriamit.com\/wp-content\/uploads\/2022\/07\/editada2-2-1024x1005.jpeg\" alt=\"\" class=\"wp-image-5641\" srcset=\"https:\/\/consultoriamit.com\/wp-content\/uploads\/2022\/07\/editada2-2-1024x1005.jpeg 1024w, https:\/\/consultoriamit.com\/wp-content\/uploads\/2022\/07\/editada2-2-300x294.jpeg 300w, https:\/\/consultoriamit.com\/wp-content\/uploads\/2022\/07\/editada2-2-768x754.jpeg 768w, https:\/\/consultoriamit.com\/wp-content\/uploads\/2022\/07\/editada2-2.jpeg 1080w\" sizes=\"(max-width: 1024px) 100vw, 1024px\" \/><\/figure>\n<\/div>\n<\/div>\n\n\n\n<div class=\"wp-container-7 wp-block-columns\">\n<div class=\"wp-container-4 wp-block-column\">\n<figure class=\"wp-block-image size-large\"><img loading=\"lazy\" width=\"1024\" height=\"1008\" src=\"https:\/\/consultoriamit.com\/wp-content\/uploads\/2022\/07\/WhatsApp-Image-2022-07-15-at-11.21.10-AM-1-3-1024x1008.jpeg\" alt=\"\" class=\"wp-image-5643\" srcset=\"https:\/\/consultoriamit.com\/wp-content\/uploads\/2022\/07\/WhatsApp-Image-2022-07-15-at-11.21.10-AM-1-3-1024x1008.jpeg 1024w, https:\/\/consultoriamit.com\/wp-content\/uploads\/2022\/07\/WhatsApp-Image-2022-07-15-at-11.21.10-AM-1-3-300x295.jpeg 300w, https:\/\/consultoriamit.com\/wp-content\/uploads\/2022\/07\/WhatsApp-Image-2022-07-15-at-11.21.10-AM-1-3-768x756.jpeg 768w, https:\/\/consultoriamit.com\/wp-content\/uploads\/2022\/07\/WhatsApp-Image-2022-07-15-at-11.21.10-AM-1-3.jpeg 1080w\" sizes=\"(max-width: 1024px) 100vw, 1024px\" \/><\/figure>\n<\/div>\n\n\n\n<div class=\"wp-container-5 wp-block-column\">\n<figure class=\"wp-block-image size-large\"><img loading=\"lazy\" width=\"1024\" height=\"1024\" src=\"https:\/\/consultoriamit.com\/wp-content\/uploads\/2022\/07\/WhatsApp-Image-2022-07-15-at-11.21.10-AM-2-2-1024x1024.jpeg\" alt=\"\" class=\"wp-image-5645\" srcset=\"https:\/\/consultoriamit.com\/wp-content\/uploads\/2022\/07\/WhatsApp-Image-2022-07-15-at-11.21.10-AM-2-2-1024x1024.jpeg 1024w, https:\/\/consultoriamit.com\/wp-content\/uploads\/2022\/07\/WhatsApp-Image-2022-07-15-at-11.21.10-AM-2-2-300x300.jpeg 300w, https:\/\/consultoriamit.com\/wp-content\/uploads\/2022\/07\/WhatsApp-Image-2022-07-15-at-11.21.10-AM-2-2-150x150.jpeg 150w, https:\/\/consultoriamit.com\/wp-content\/uploads\/2022\/07\/WhatsApp-Image-2022-07-15-at-11.21.10-AM-2-2-768x768.jpeg 768w, https:\/\/consultoriamit.com\/wp-content\/uploads\/2022\/07\/WhatsApp-Image-2022-07-15-at-11.21.10-AM-2-2.jpeg 1077w\" sizes=\"(max-width: 1024px) 100vw, 1024px\" \/><\/figure>\n<\/div>\n\n\n\n<div class=\"wp-container-6 wp-block-column\">\n<figure class=\"wp-block-image size-large\"><img loading=\"lazy\" width=\"1008\" height=\"1024\" src=\"https:\/\/consultoriamit.com\/wp-content\/uploads\/2022\/07\/WhatsApp-Image-2022-07-15-at-11.21.10-AM-3-1008x1024.jpeg\" alt=\"\" class=\"wp-image-5647\" srcset=\"https:\/\/consultoriamit.com\/wp-content\/uploads\/2022\/07\/WhatsApp-Image-2022-07-15-at-11.21.10-AM-3-1008x1024.jpeg 1008w, https:\/\/consultoriamit.com\/wp-content\/uploads\/2022\/07\/WhatsApp-Image-2022-07-15-at-11.21.10-AM-3-295x300.jpeg 295w, https:\/\/consultoriamit.com\/wp-content\/uploads\/2022\/07\/WhatsApp-Image-2022-07-15-at-11.21.10-AM-3-768x780.jpeg 768w, https:\/\/consultoriamit.com\/wp-content\/uploads\/2022\/07\/WhatsApp-Image-2022-07-15-at-11.21.10-AM-3.jpeg 1080w\" sizes=\"(max-width: 1008px) 100vw, 1008px\" \/><\/figure>\n<\/div>\n<\/div>\n\n\n\n<p><strong>Enlaces de inter\u00e9s:<\/strong><\/p>\n\n\n\n<p><a href=\"https:\/\/laciba.gramenet.cat\/es\/\" target=\"_blank\" rel=\"noreferrer noopener\">https:\/\/laciba.gramenet.cat\/es\/<\/a><\/p>\n\n\n\n<p><a href=\"https:\/\/www.instagram.com\/p\/CfwP5uMsoTf\/?igshid=MDJmNzVkMjY=\" target=\"_blank\" rel=\"noreferrer noopener\">https:\/\/www.instagram.com\/p\/CfwP5uMsoTf\/?igshid=MDJmNzVkMjY=<\/a><\/p>\n","protected":false},"excerpt":{"rendered":"<p>Valores, estrategia, hoja de ruta y mucha energ\u00eda en la conferencia que Blanca Moreno, directora de la Consultor\u00eda MiT, imparti\u00f3 en @lacibascg&nbsp; ante muchas empresarias, emprendedoras y profesionales que revisan su modelo de negocio desde un nuevo prisma. Esta II edici\u00f3n de Emprenedona, se basa en un programa para fomentar la creaci\u00f3n y consolidaci\u00f3n de [&hellip;]<\/p>\n","protected":false},"author":4,"featured_media":5649,"comment_status":"open","ping_status":"open","sticky":false,"template":"","format":"standard","meta":[],"categories":[619,331,323,635,599],"tags":[695,693,694,603,375,337,328],"acf":[],"yoast_head":"<!-- This site is optimized with the Yoast SEO plugin v18.5.1 - https:\/\/yoast.com\/wordpress\/plugins\/seo\/ -->\n<title>Conferencia inspiracional sobre liderazgo feminista en la II edici\u00f3n #Emprenedona para impulsar la creaci\u00f3n y consolidaci\u00f3n de negocios liderados por mujeres &raquo; Consultoria MiT<\/title>\n<meta name=\"robots\" content=\"index, follow, max-snippet:-1, max-image-preview:large, max-video-preview:-1\" \/>\n<link rel=\"canonical\" href=\"https:\/\/consultoriamit.com\/es\/conferencia-inspiracional-sobre-liderazgo-feminista-en-la-ii-edicion-emprenedona-para-impulsar-la-creacion-y-consolidacion-de-negocios-liderados-por-mujeres\/\" \/>\n<meta property=\"og:locale\" content=\"es_ES\" \/>\n<meta property=\"og:type\" content=\"article\" \/>\n<meta property=\"og:title\" content=\"Conferencia inspiracional sobre liderazgo feminista en la II edici\u00f3n #Emprenedona para impulsar la creaci\u00f3n y consolidaci\u00f3n de negocios liderados por mujeres &raquo; Consultoria MiT\" \/>\n<meta property=\"og:description\" content=\"Valores, estrategia, hoja de ruta y mucha energ\u00eda en la conferencia que Blanca Moreno, directora de la Consultor\u00eda MiT, imparti\u00f3 en @lacibascg&nbsp; ante muchas empresarias, emprendedoras y profesionales que revisan su modelo de negocio desde un nuevo prisma. Esta II edici\u00f3n de Emprenedona, se basa en un programa para fomentar la creaci\u00f3n y consolidaci\u00f3n de [&hellip;]\" \/>\n<meta property=\"og:url\" content=\"https:\/\/consultoriamit.com\/es\/conferencia-inspiracional-sobre-liderazgo-feminista-en-la-ii-edicion-emprenedona-para-impulsar-la-creacion-y-consolidacion-de-negocios-liderados-por-mujeres\/\" \/>\n<meta property=\"og:site_name\" content=\"Consultoria MiT\" \/>\n<meta property=\"article:published_time\" content=\"2022-07-15T10:21:07+00:00\" \/>\n<meta property=\"article:modified_time\" content=\"2022-07-15T10:26:59+00:00\" \/>\n<meta property=\"og:image\" content=\"https:\/\/consultoriamit.com\/wp-content\/uploads\/2022\/07\/cabecera-ciba-3.jpeg\" \/>\n\t<meta property=\"og:image:width\" content=\"1080\" \/>\n\t<meta property=\"og:image:height\" content=\"1058\" \/>\n\t<meta property=\"og:image:type\" content=\"image\/jpeg\" \/>\n<meta name=\"twitter:card\" content=\"summary_large_image\" \/>\n<meta name=\"twitter:creator\" content=\"@CONSULTORIAMiT\" \/>\n<meta name=\"twitter:site\" content=\"@CONSULTORIAMiT\" \/>\n<meta name=\"twitter:label1\" content=\"Escrito por\" \/>\n\t<meta name=\"twitter:data1\" content=\"cmit\" \/>\n\t<meta name=\"twitter:label2\" content=\"Tiempo de lectura\" \/>\n\t<meta name=\"twitter:data2\" content=\"3 minutos\" \/>\n<script type=\"application\/ld+json\" class=\"yoast-schema-graph\">{\"@context\":\"https:\/\/schema.org\",\"@graph\":[{\"@type\":\"WebSite\",\"@id\":\"https:\/\/consultoriamit.com\/es\/#website\",\"url\":\"https:\/\/consultoriamit.com\/es\/\",\"name\":\"Consultoria Mit\",\"description\":\"Consultoria M\u00e8todes i T\u00e8cniques Aplicades\",\"potentialAction\":[{\"@type\":\"SearchAction\",\"target\":{\"@type\":\"EntryPoint\",\"urlTemplate\":\"https:\/\/consultoriamit.com\/es\/?s={search_term_string}\"},\"query-input\":\"required name=search_term_string\"}],\"inLanguage\":\"es\"},{\"@type\":\"ImageObject\",\"@id\":\"https:\/\/consultoriamit.com\/es\/conferencia-inspiracional-sobre-liderazgo-feminista-en-la-ii-edicion-emprenedona-para-impulsar-la-creacion-y-consolidacion-de-negocios-liderados-por-mujeres\/#primaryimage\",\"inLanguage\":\"es\",\"url\":\"https:\/\/consultoriamit.com\/wp-content\/uploads\/2022\/07\/cabecera-ciba-3.jpeg\",\"contentUrl\":\"https:\/\/consultoriamit.com\/wp-content\/uploads\/2022\/07\/cabecera-ciba-3.jpeg\",\"width\":1080,\"height\":1058},{\"@type\":\"WebPage\",\"@id\":\"https:\/\/consultoriamit.com\/es\/conferencia-inspiracional-sobre-liderazgo-feminista-en-la-ii-edicion-emprenedona-para-impulsar-la-creacion-y-consolidacion-de-negocios-liderados-por-mujeres\/#webpage\",\"url\":\"https:\/\/consultoriamit.com\/es\/conferencia-inspiracional-sobre-liderazgo-feminista-en-la-ii-edicion-emprenedona-para-impulsar-la-creacion-y-consolidacion-de-negocios-liderados-por-mujeres\/\",\"name\":\"Conferencia inspiracional sobre liderazgo feminista en la II edici\u00f3n #Emprenedona para impulsar la creaci\u00f3n y consolidaci\u00f3n de negocios liderados por mujeres &raquo; Consultoria MiT\",\"isPartOf\":{\"@id\":\"https:\/\/consultoriamit.com\/es\/#website\"},\"primaryImageOfPage\":{\"@id\":\"https:\/\/consultoriamit.com\/es\/conferencia-inspiracional-sobre-liderazgo-feminista-en-la-ii-edicion-emprenedona-para-impulsar-la-creacion-y-consolidacion-de-negocios-liderados-por-mujeres\/#primaryimage\"},\"datePublished\":\"2022-07-15T10:21:07+00:00\",\"dateModified\":\"2022-07-15T10:26:59+00:00\",\"author\":{\"@id\":\"https:\/\/consultoriamit.com\/es\/#\/schema\/person\/8c444704e35f0e976a85d534d1ed23cf\"},\"breadcrumb\":{\"@id\":\"https:\/\/consultoriamit.com\/es\/conferencia-inspiracional-sobre-liderazgo-feminista-en-la-ii-edicion-emprenedona-para-impulsar-la-creacion-y-consolidacion-de-negocios-liderados-por-mujeres\/#breadcrumb\"},\"inLanguage\":\"es\",\"potentialAction\":[{\"@type\":\"ReadAction\",\"target\":[\"https:\/\/consultoriamit.com\/es\/conferencia-inspiracional-sobre-liderazgo-feminista-en-la-ii-edicion-emprenedona-para-impulsar-la-creacion-y-consolidacion-de-negocios-liderados-por-mujeres\/\"]}]},{\"@type\":\"BreadcrumbList\",\"@id\":\"https:\/\/consultoriamit.com\/es\/conferencia-inspiracional-sobre-liderazgo-feminista-en-la-ii-edicion-emprenedona-para-impulsar-la-creacion-y-consolidacion-de-negocios-liderados-por-mujeres\/#breadcrumb\",\"itemListElement\":[{\"@type\":\"ListItem\",\"position\":1,\"name\":\"Inici\",\"item\":\"https:\/\/consultoriamit.com\/es\/inicio\/\"},{\"@type\":\"ListItem\",\"position\":2,\"name\":\"Conferencia inspiracional sobre liderazgo feminista en la II edici\u00f3n #Emprenedona para impulsar la creaci\u00f3n y consolidaci\u00f3n de negocios liderados por mujeres\"}]},{\"@type\":\"Person\",\"@id\":\"https:\/\/consultoriamit.com\/es\/#\/schema\/person\/8c444704e35f0e976a85d534d1ed23cf\",\"name\":\"cmit\",\"image\":{\"@type\":\"ImageObject\",\"@id\":\"https:\/\/consultoriamit.com\/es\/#personlogo\",\"inLanguage\":\"es\",\"url\":\"https:\/\/secure.gravatar.com\/avatar\/385bf981b92466484efcb8654be5a277?s=96&d=mm&r=g\",\"contentUrl\":\"https:\/\/secure.gravatar.com\/avatar\/385bf981b92466484efcb8654be5a277?s=96&d=mm&r=g\",\"caption\":\"cmit\"},\"sameAs\":[\"cmit\"]}]}<\/script>\n<!-- \/ Yoast SEO plugin. -->","yoast_head_json":{"title":"Conferencia inspiracional sobre liderazgo feminista en la II edici\u00f3n #Emprenedona para impulsar la creaci\u00f3n y consolidaci\u00f3n de negocios liderados por mujeres &raquo; Consultoria MiT","robots":{"index":"index","follow":"follow","max-snippet":"max-snippet:-1","max-image-preview":"max-image-preview:large","max-video-preview":"max-video-preview:-1"},"canonical":"https:\/\/consultoriamit.com\/es\/conferencia-inspiracional-sobre-liderazgo-feminista-en-la-ii-edicion-emprenedona-para-impulsar-la-creacion-y-consolidacion-de-negocios-liderados-por-mujeres\/","og_locale":"es_ES","og_type":"article","og_title":"Conferencia inspiracional sobre liderazgo feminista en la II edici\u00f3n #Emprenedona para impulsar la creaci\u00f3n y consolidaci\u00f3n de negocios liderados por mujeres &raquo; Consultoria MiT","og_description":"Valores, estrategia, hoja de ruta y mucha energ\u00eda en la conferencia que Blanca Moreno, directora de la Consultor\u00eda MiT, imparti\u00f3 en @lacibascg&nbsp; ante muchas empresarias, emprendedoras y profesionales que revisan su modelo de negocio desde un nuevo prisma. Esta II edici\u00f3n de Emprenedona, se basa en un programa para fomentar la creaci\u00f3n y consolidaci\u00f3n de [&hellip;]","og_url":"https:\/\/consultoriamit.com\/es\/conferencia-inspiracional-sobre-liderazgo-feminista-en-la-ii-edicion-emprenedona-para-impulsar-la-creacion-y-consolidacion-de-negocios-liderados-por-mujeres\/","og_site_name":"Consultoria MiT","article_published_time":"2022-07-15T10:21:07+00:00","article_modified_time":"2022-07-15T10:26:59+00:00","og_image":[{"width":1080,"height":1058,"url":"https:\/\/consultoriamit.com\/wp-content\/uploads\/2022\/07\/cabecera-ciba-3.jpeg","type":"image\/jpeg"}],"twitter_card":"summary_large_image","twitter_creator":"@CONSULTORIAMiT","twitter_site":"@CONSULTORIAMiT","twitter_misc":{"Escrito por":"cmit","Tiempo de lectura":"3 minutos"},"schema":{"@context":"https:\/\/schema.org","@graph":[{"@type":"WebSite","@id":"https:\/\/consultoriamit.com\/es\/#website","url":"https:\/\/consultoriamit.com\/es\/","name":"Consultoria Mit","description":"Consultoria M\u00e8todes i T\u00e8cniques Aplicades","potentialAction":[{"@type":"SearchAction","target":{"@type":"EntryPoint","urlTemplate":"https:\/\/consultoriamit.com\/es\/?s={search_term_string}"},"query-input":"required name=search_term_string"}],"inLanguage":"es"},{"@type":"ImageObject","@id":"https:\/\/consultoriamit.com\/es\/conferencia-inspiracional-sobre-liderazgo-feminista-en-la-ii-edicion-emprenedona-para-impulsar-la-creacion-y-consolidacion-de-negocios-liderados-por-mujeres\/#primaryimage","inLanguage":"es","url":"https:\/\/consultoriamit.com\/wp-content\/uploads\/2022\/07\/cabecera-ciba-3.jpeg","contentUrl":"https:\/\/consultoriamit.com\/wp-content\/uploads\/2022\/07\/cabecera-ciba-3.jpeg","width":1080,"height":1058},{"@type":"WebPage","@id":"https:\/\/consultoriamit.com\/es\/conferencia-inspiracional-sobre-liderazgo-feminista-en-la-ii-edicion-emprenedona-para-impulsar-la-creacion-y-consolidacion-de-negocios-liderados-por-mujeres\/#webpage","url":"https:\/\/consultoriamit.com\/es\/conferencia-inspiracional-sobre-liderazgo-feminista-en-la-ii-edicion-emprenedona-para-impulsar-la-creacion-y-consolidacion-de-negocios-liderados-por-mujeres\/","name":"Conferencia inspiracional sobre liderazgo feminista en la II edici\u00f3n #Emprenedona para impulsar la creaci\u00f3n y consolidaci\u00f3n de negocios liderados por mujeres &raquo; Consultoria MiT","isPartOf":{"@id":"https:\/\/consultoriamit.com\/es\/#website"},"primaryImageOfPage":{"@id":"https:\/\/consultoriamit.com\/es\/conferencia-inspiracional-sobre-liderazgo-feminista-en-la-ii-edicion-emprenedona-para-impulsar-la-creacion-y-consolidacion-de-negocios-liderados-por-mujeres\/#primaryimage"},"datePublished":"2022-07-15T10:21:07+00:00","dateModified":"2022-07-15T10:26:59+00:00","author":{"@id":"https:\/\/consultoriamit.com\/es\/#\/schema\/person\/8c444704e35f0e976a85d534d1ed23cf"},"breadcrumb":{"@id":"https:\/\/consultoriamit.com\/es\/conferencia-inspiracional-sobre-liderazgo-feminista-en-la-ii-edicion-emprenedona-para-impulsar-la-creacion-y-consolidacion-de-negocios-liderados-por-mujeres\/#breadcrumb"},"inLanguage":"es","potentialAction":[{"@type":"ReadAction","target":["https:\/\/consultoriamit.com\/es\/conferencia-inspiracional-sobre-liderazgo-feminista-en-la-ii-edicion-emprenedona-para-impulsar-la-creacion-y-consolidacion-de-negocios-liderados-por-mujeres\/"]}]},{"@type":"BreadcrumbList","@id":"https:\/\/consultoriamit.com\/es\/conferencia-inspiracional-sobre-liderazgo-feminista-en-la-ii-edicion-emprenedona-para-impulsar-la-creacion-y-consolidacion-de-negocios-liderados-por-mujeres\/#breadcrumb","itemListElement":[{"@type":"ListItem","position":1,"name":"Inici","item":"https:\/\/consultoriamit.com\/es\/inicio\/"},{"@type":"ListItem","position":2,"name":"Conferencia inspiracional sobre liderazgo feminista en la II edici\u00f3n #Emprenedona para impulsar la creaci\u00f3n y consolidaci\u00f3n de negocios liderados por mujeres"}]},{"@type":"Person","@id":"https:\/\/consultoriamit.com\/es\/#\/schema\/person\/8c444704e35f0e976a85d534d1ed23cf","name":"cmit","image":{"@type":"ImageObject","@id":"https:\/\/consultoriamit.com\/es\/#personlogo","inLanguage":"es","url":"https:\/\/secure.gravatar.com\/avatar\/385bf981b92466484efcb8654be5a277?s=96&d=mm&r=g","contentUrl":"https:\/\/secure.gravatar.com\/avatar\/385bf981b92466484efcb8654be5a277?s=96&d=mm&r=g","caption":"cmit"},"sameAs":["cmit"]}]}},"_links":{"self":[{"href":"https:\/\/consultoriamit.com\/es\/wp-json\/wp\/v2\/posts\/5634"}],"collection":[{"href":"https:\/\/consultoriamit.com\/es\/wp-json\/wp\/v2\/posts"}],"about":[{"href":"https:\/\/consultoriamit.com\/es\/wp-json\/wp\/v2\/types\/post"}],"author":[{"embeddable":true,"href":"https:\/\/consultoriamit.com\/es\/wp-json\/wp\/v2\/users\/4"}],"replies":[{"embeddable":true,"href":"https:\/\/consultoriamit.com\/es\/wp-json\/wp\/v2\/comments?post=5634"}],"version-history":[{"count":5,"href":"https:\/\/consultoriamit.com\/es\/wp-json\/wp\/v2\/posts\/5634\/revisions"}],"predecessor-version":[{"id":5657,"href":"https:\/\/consultoriamit.com\/es\/wp-json\/wp\/v2\/posts\/5634\/revisions\/5657"}],"wp:featuredmedia":[{"embeddable":true,"href":"https:\/\/consultoriamit.com\/es\/wp-json\/wp\/v2\/media\/5649"}],"wp:attachment":[{"href":"https:\/\/consultoriamit.com\/es\/wp-json\/wp\/v2\/media?parent=5634"}],"wp:term":[{"taxonomy":"category","embeddable":true,"href":"https:\/\/consultoriamit.com\/es\/wp-json\/wp\/v2\/categories?post=5634"},{"taxonomy":"post_tag","embeddable":true,"href":"https:\/\/consultoriamit.com\/es\/wp-json\/wp\/v2\/tags?post=5634"}],"curies":[{"name":"wp","href":"https:\/\/api.w.org\/{rel}","templated":true}]}}