{"id":5893,"date":"2022-10-06T15:10:28","date_gmt":"2022-10-06T13:10:28","guid":{"rendered":"https:\/\/consultoriamit.com\/?p=5893"},"modified":"2023-04-24T13:52:04","modified_gmt":"2023-04-24T11:52:04","slug":"compartimos-experiencias-con-mujeres-emprendedoras-a-la-subsede-de-sant-just-desvern-en-el-marco-del-6o-congreso-de-mujeres-del-baix-llobregat","status":"publish","type":"post","link":"https:\/\/consultoriamit.com\/es\/compartimos-experiencias-con-mujeres-emprendedoras-a-la-subsede-de-sant-just-desvern-en-el-marco-del-6o-congreso-de-mujeres-del-baix-llobregat\/","title":{"rendered":"Compartimos experiencias con mujeres emprendedoras en la Subsede de Sant Just Desvern en el contexto del 6o\u00a0Congreso\u00a0de Mujeres del Baix Llobregat"},"content":{"rendered":"\n<p><strong>El objetivo de la jornada ha estado generar un debate en torno a los retos y aciertos del emprendimiento feminista y sobre la importancia de incorporar la perspectiva de g\u00e9nero en los proyectos de emprendimiento y en las organizaciones.<\/strong><\/p>\n\n\n\n<p>El pasado 4 de octubre de 2022 el <a href=\"https:\/\/www.instagram.com\/santjustcat\/\" target=\"_blank\" rel=\"noreferrer noopener\">Ayuntamiento de Sant Just Desvern<\/a>, como subsede del <a href=\"https:\/\/www.elbaixllobregat.cat\/6congresdones\" target=\"_blank\" rel=\"noreferrer noopener\">Congreso de las Mujeres del Baix Llobregat<\/a>, ha organizado una jornada de trabajo titulada <strong>\u201cRetos y aciertos del emprendimiento feminista: Compartimos experiencias\u201d<\/strong>. Esta subsede se ha enmarcado en la comisi\u00f3n del Congreso <em>Mujeres en el trabajo del futuro<\/em>.<\/p>\n\n\n<div class=\"wp-block-image\">\n<figure class=\"alignright size-large is-resized\"><img loading=\"lazy\" src=\"https:\/\/consultoriamit.com\/wp-content\/uploads\/2022\/10\/WhatsApp-Image-2022-10-06-at-14.26.34-2-3-768x1024.jpeg\" alt=\"\" class=\"wp-image-5920\" width=\"312\" height=\"416\" srcset=\"https:\/\/consultoriamit.com\/wp-content\/uploads\/2022\/10\/WhatsApp-Image-2022-10-06-at-14.26.34-2-3-768x1023.jpeg 768w, https:\/\/consultoriamit.com\/wp-content\/uploads\/2022\/10\/WhatsApp-Image-2022-10-06-at-14.26.34-2-3-225x300.jpeg 225w, https:\/\/consultoriamit.com\/wp-content\/uploads\/2022\/10\/WhatsApp-Image-2022-10-06-at-14.26.34-2-3-1153x1536.jpeg 1153w, https:\/\/consultoriamit.com\/wp-content\/uploads\/2022\/10\/WhatsApp-Image-2022-10-06-at-14.26.34-2-3.jpeg 1200w\" sizes=\"(max-width: 312px) 100vw, 312px\" \/><figcaption>Imagen de la sesi\u00f3n.<\/figcaption><\/figure><\/div>\n\n\n<p>En la jornada, conducida por <a href=\"https:\/\/www.instagram.com\/blancamoreno_mit\/\" target=\"_blank\" rel=\"noreferrer noopener\">Blanca Moreno<\/a>, soci\u00f3loga y directora de la Consultor\u00eda&nbsp;MiT, experta en proyectos de innovaci\u00f3n en g\u00e9nero, <strong>se han compartido experiencias con mujeres emprendedoras del municipio, que han hecho propuestas para enriquecer y potenciar el emprendimiento en clave femenina.<\/strong><\/p>\n\n\n\n<p>La sesi\u00f3n fue presentada por la consejera de Feminismos, Diversidad Sexual y de g\u00e9nero y Gente mayor del Consejo Comarcal del Baix Llobregat&nbsp;<a href=\"https:\/\/www.instagram.com\/vicky_.castellanos\/\" target=\"_blank\" rel=\"noreferrer noopener\">Vicky&nbsp;Castellanos<\/a>, y la Regidora de Comercio y Consumo, Turismo y Pol\u00edticas de g\u00e9nero e igualdad <a href=\"https:\/\/twitter.com\/murciano_alicia\" target=\"_blank\" rel=\"noreferrer noopener\">Alicia&nbsp;Murciano<\/a>.<\/p>\n\n\n\n<p><\/p>\n\n\n\n<p><\/p>\n\n\n\n<div class=\"wp-container-3 wp-block-columns\">\n<div class=\"wp-container-1 wp-block-column\">\n<figure class=\"wp-block-image size-large\"><img loading=\"lazy\" width=\"1024\" height=\"964\" src=\"https:\/\/consultoriamit.com\/wp-content\/uploads\/2022\/10\/WhatsApp-Image-2022-10-06-at-14.26.34-3-1024x964.jpeg\" alt=\"\" class=\"wp-image-5898\" srcset=\"https:\/\/consultoriamit.com\/wp-content\/uploads\/2022\/10\/WhatsApp-Image-2022-10-06-at-14.26.34-3-1024x964.jpeg 1024w, https:\/\/consultoriamit.com\/wp-content\/uploads\/2022\/10\/WhatsApp-Image-2022-10-06-at-14.26.34-3-300x282.jpeg 300w, https:\/\/consultoriamit.com\/wp-content\/uploads\/2022\/10\/WhatsApp-Image-2022-10-06-at-14.26.34-3-768x723.jpeg 768w, https:\/\/consultoriamit.com\/wp-content\/uploads\/2022\/10\/WhatsApp-Image-2022-10-06-at-14.26.34-3.jpeg 1536w\" sizes=\"(max-width: 1024px) 100vw, 1024px\" \/><figcaption>Blanca Moreno, directora de la Consultoria MiT, presentando la sesi\u00f3n.<\/figcaption><\/figure>\n<\/div>\n\n\n\n<div class=\"wp-container-2 wp-block-column\">\n<figure class=\"wp-block-image size-large is-resized\"><img loading=\"lazy\" src=\"https:\/\/consultoriamit.com\/wp-content\/uploads\/2022\/10\/WhatsApp-Image-2022-10-06-at-14.26.33-2-1024x1024.jpeg\" alt=\"\" class=\"wp-image-5912\" width=\"382\" height=\"382\" srcset=\"https:\/\/consultoriamit.com\/wp-content\/uploads\/2022\/10\/WhatsApp-Image-2022-10-06-at-14.26.33-2-1024x1024.jpeg 1024w, https:\/\/consultoriamit.com\/wp-content\/uploads\/2022\/10\/WhatsApp-Image-2022-10-06-at-14.26.33-2-300x300.jpeg 300w, https:\/\/consultoriamit.com\/wp-content\/uploads\/2022\/10\/WhatsApp-Image-2022-10-06-at-14.26.33-2-150x150.jpeg 150w, https:\/\/consultoriamit.com\/wp-content\/uploads\/2022\/10\/WhatsApp-Image-2022-10-06-at-14.26.33-2-768x768.jpeg 768w, https:\/\/consultoriamit.com\/wp-content\/uploads\/2022\/10\/WhatsApp-Image-2022-10-06-at-14.26.33-2.jpeg 1200w\" sizes=\"(max-width: 382px) 100vw, 382px\" \/><figcaption>Imagen de la sesi\u00f3n.<\/figcaption><\/figure>\n<\/div>\n<\/div>\n\n\n<div class=\"wp-block-image\">\n<figure class=\"aligncenter size-large is-resized\"><img loading=\"lazy\" src=\"https:\/\/consultoriamit.com\/wp-content\/uploads\/2022\/10\/WhatsApp-Image-2022-10-06-at-14.26.32-3-1024x1024.jpeg\" alt=\"\" class=\"wp-image-5916\" width=\"373\" height=\"373\" srcset=\"https:\/\/consultoriamit.com\/wp-content\/uploads\/2022\/10\/WhatsApp-Image-2022-10-06-at-14.26.32-3-1024x1024.jpeg 1024w, https:\/\/consultoriamit.com\/wp-content\/uploads\/2022\/10\/WhatsApp-Image-2022-10-06-at-14.26.32-3-300x300.jpeg 300w, https:\/\/consultoriamit.com\/wp-content\/uploads\/2022\/10\/WhatsApp-Image-2022-10-06-at-14.26.32-3-150x150.jpeg 150w, https:\/\/consultoriamit.com\/wp-content\/uploads\/2022\/10\/WhatsApp-Image-2022-10-06-at-14.26.32-3-768x768.jpeg 768w, https:\/\/consultoriamit.com\/wp-content\/uploads\/2022\/10\/WhatsApp-Image-2022-10-06-at-14.26.32-3.jpeg 1440w\" sizes=\"(max-width: 373px) 100vw, 373px\" \/><figcaption>Imagen de la sesi\u00f3n.<\/figcaption><\/figure><\/div>\n\n\n<p>En la primera parte de la jornada, se hizo una breve introducci\u00f3n con algunos datos relevantes del Instituto Catal\u00e1n de Mujeres alrededor de la brecha de g\u00e9nero en el emprendimiento femenino, las dificultades que atraviesan las mujeres cuando quieren acceder en el mundo empresarial y el techo de cristal. En la segunda parte, Blanca Moreno, invit\u00f3 a las ponentes y a las mujeres participantes a debatir sobre su experiencia como emprendedoras.<\/p>\n\n\n\n<p>Seguidamente, se cont\u00f3 con un di\u00e1logo entre la emprendedora del restaurante <a href=\"https:\/\/www.instagram.com\/foodis_stjust\/\" target=\"_blank\" rel=\"noreferrer noopener\">@foodis_stjust<\/a>, Anna Poveda, la emprendedora digital de <a href=\"https:\/\/www.instagram.com\/bcnlaboratoriodearomas\/\" target=\"_blank\" rel=\"noreferrer noopener\">@bcnlaboratoriodearomas<\/a>, Margarita&nbsp;Kelso, la emprendedora potencial, Andrea Bueno y la emprendedora de <a href=\"https:\/\/www.instagram.com\/pepamodadona\/\" target=\"_blank\" rel=\"noreferrer noopener\">@pepamodadona<\/a>, Pepa&nbsp;Casanys.<\/p>\n\n\n<div class=\"wp-block-image\">\n<figure class=\"aligncenter size-large is-resized\"><img loading=\"lazy\" src=\"https:\/\/consultoriamit.com\/wp-content\/uploads\/2022\/10\/portada-DONES-EN-EL-TREBALL-DEL-FUTUR-1-724x1024.png\" alt=\"\" class=\"wp-image-5918\" width=\"361\" height=\"510\" srcset=\"https:\/\/consultoriamit.com\/wp-content\/uploads\/2022\/10\/portada-DONES-EN-EL-TREBALL-DEL-FUTUR-1-724x1024.png 724w, https:\/\/consultoriamit.com\/wp-content\/uploads\/2022\/10\/portada-DONES-EN-EL-TREBALL-DEL-FUTUR-1-212x300.png 212w, https:\/\/consultoriamit.com\/wp-content\/uploads\/2022\/10\/portada-DONES-EN-EL-TREBALL-DEL-FUTUR-1-768x1087.png 768w, https:\/\/consultoriamit.com\/wp-content\/uploads\/2022\/10\/portada-DONES-EN-EL-TREBALL-DEL-FUTUR-1.png 826w\" sizes=\"(max-width: 361px) 100vw, 361px\" \/><figcaption>Cartel de la comisi\u00f3n Mujeres en el Trabajo del Futuro<\/figcaption><\/figure><\/div>\n\n\n<p>La gran cantidad de participaci\u00f3n hizo muy enriquecedora la Jornada y se gener\u00f3 un espacio de aprendizaje entre las mujeres participantes y las ponentes.<\/p>\n\n\n\n<p><strong>Pod\u00e9is ver m\u00e1s im\u00e1genes de la sesi\u00f3n y seguirnos para consultar todas las novedades diarias en nuestro perfil de Instagram <a href=\"https:\/\/www.instagram.com\/consultoriamit\/\" target=\"_blank\" rel=\"noreferrer noopener\">@consultoriamit<\/a>.<\/strong><\/p>\n\n\n\n<p><strong>Enlaces de inter\u00e9s:<\/strong><\/p>\n\n\n\n<p><a href=\"https:\/\/www.elbaixllobregat.cat\/6congresdones\" target=\"_blank\" rel=\"noreferrer noopener\">https:\/\/www.elbaixllobregat.cat\/6congresdones<\/a><\/p>\n\n\n\n<p><a href=\"https:\/\/www.elbaixllobregat.cat\/6congresdones\/reptes-i-encerts-de-lemprenedoria-feminista-compartim-experi%C3%A8ncies\" target=\"_blank\" rel=\"noreferrer noopener\">https:\/\/www.elbaixllobregat.cat\/6congresdones\/reptes-i-encerts-de-lemprenedoria-feminista-compartim-experi%C3%A8ncies<\/a><\/p>\n","protected":false},"excerpt":{"rendered":"<p>El objetivo de la jornada ha estado generar un debate en torno a los retos y aciertos del emprendimiento feminista y sobre la importancia de incorporar la perspectiva de g\u00e9nero en los proyectos de emprendimiento y en las organizaciones. El pasado 4 de octubre de 2022 el Ayuntamiento de Sant Just Desvern, como subsede del [&hellip;]<\/p>\n","protected":false},"author":4,"featured_media":5922,"comment_status":"open","ping_status":"open","sticky":false,"template":"","format":"standard","meta":[],"categories":[598,619,331,344,323,324,362],"tags":[327,714,603,582,462,604],"acf":[],"yoast_head":"<!-- This site is optimized with the Yoast SEO plugin v18.5.1 - https:\/\/yoast.com\/wordpress\/plugins\/seo\/ -->\n<title>Compartimos experiencias con mujeres emprendedoras en la Subsede de Sant Just Desvern en el contexto del 6o\u00a0Congreso\u00a0de Mujeres del Baix Llobregat &raquo; Consultoria MiT<\/title>\n<meta name=\"robots\" content=\"index, follow, max-snippet:-1, max-image-preview:large, max-video-preview:-1\" \/>\n<link rel=\"canonical\" href=\"https:\/\/consultoriamit.com\/es\/compartimos-experiencias-con-mujeres-emprendedoras-a-la-subsede-de-sant-just-desvern-en-el-marco-del-6o-congreso-de-mujeres-del-baix-llobregat\/\" \/>\n<meta property=\"og:locale\" content=\"es_ES\" \/>\n<meta property=\"og:type\" content=\"article\" \/>\n<meta property=\"og:title\" content=\"Compartimos experiencias con mujeres emprendedoras en la Subsede de Sant Just Desvern en el contexto del 6o\u00a0Congreso\u00a0de Mujeres del Baix Llobregat &raquo; Consultoria MiT\" \/>\n<meta property=\"og:description\" content=\"El objetivo de la jornada ha estado generar un debate en torno a los retos y aciertos del emprendimiento feminista y sobre la importancia de incorporar la perspectiva de g\u00e9nero en los proyectos de emprendimiento y en las organizaciones. El pasado 4 de octubre de 2022 el Ayuntamiento de Sant Just Desvern, como subsede del [&hellip;]\" \/>\n<meta property=\"og:url\" content=\"https:\/\/consultoriamit.com\/es\/compartimos-experiencias-con-mujeres-emprendedoras-a-la-subsede-de-sant-just-desvern-en-el-marco-del-6o-congreso-de-mujeres-del-baix-llobregat\/\" \/>\n<meta property=\"og:site_name\" content=\"Consultoria MiT\" \/>\n<meta property=\"article:published_time\" content=\"2022-10-06T13:10:28+00:00\" \/>\n<meta property=\"article:modified_time\" content=\"2023-04-24T11:52:04+00:00\" \/>\n<meta property=\"og:image\" content=\"https:\/\/consultoriamit.com\/wp-content\/uploads\/2022\/10\/WhatsApp-Image-2022-10-06-at-14.57.07-2.jpeg\" \/>\n\t<meta property=\"og:image:width\" content=\"1196\" \/>\n\t<meta property=\"og:image:height\" content=\"656\" \/>\n\t<meta property=\"og:image:type\" content=\"image\/jpeg\" \/>\n<meta name=\"twitter:card\" content=\"summary_large_image\" \/>\n<meta name=\"twitter:creator\" content=\"@CONSULTORIAMiT\" \/>\n<meta name=\"twitter:site\" content=\"@CONSULTORIAMiT\" \/>\n<meta name=\"twitter:label1\" content=\"Escrito por\" \/>\n\t<meta name=\"twitter:data1\" content=\"cmit\" \/>\n\t<meta name=\"twitter:label2\" content=\"Tiempo de lectura\" \/>\n\t<meta name=\"twitter:data2\" content=\"3 minutos\" \/>\n<script type=\"application\/ld+json\" class=\"yoast-schema-graph\">{\"@context\":\"https:\/\/schema.org\",\"@graph\":[{\"@type\":\"WebSite\",\"@id\":\"https:\/\/consultoriamit.com\/es\/#website\",\"url\":\"https:\/\/consultoriamit.com\/es\/\",\"name\":\"Consultoria Mit\",\"description\":\"Consultoria M\u00e8todes i T\u00e8cniques Aplicades\",\"potentialAction\":[{\"@type\":\"SearchAction\",\"target\":{\"@type\":\"EntryPoint\",\"urlTemplate\":\"https:\/\/consultoriamit.com\/es\/?s={search_term_string}\"},\"query-input\":\"required name=search_term_string\"}],\"inLanguage\":\"es\"},{\"@type\":\"ImageObject\",\"@id\":\"https:\/\/consultoriamit.com\/es\/compartimos-experiencias-con-mujeres-emprendedoras-a-la-subsede-de-sant-just-desvern-en-el-marco-del-6o-congreso-de-mujeres-del-baix-llobregat\/#primaryimage\",\"inLanguage\":\"es\",\"url\":\"https:\/\/consultoriamit.com\/wp-content\/uploads\/2022\/10\/WhatsApp-Image-2022-10-06-at-14.57.07-2.jpeg\",\"contentUrl\":\"https:\/\/consultoriamit.com\/wp-content\/uploads\/2022\/10\/WhatsApp-Image-2022-10-06-at-14.57.07-2.jpeg\",\"width\":1196,\"height\":656},{\"@type\":\"WebPage\",\"@id\":\"https:\/\/consultoriamit.com\/es\/compartimos-experiencias-con-mujeres-emprendedoras-a-la-subsede-de-sant-just-desvern-en-el-marco-del-6o-congreso-de-mujeres-del-baix-llobregat\/#webpage\",\"url\":\"https:\/\/consultoriamit.com\/es\/compartimos-experiencias-con-mujeres-emprendedoras-a-la-subsede-de-sant-just-desvern-en-el-marco-del-6o-congreso-de-mujeres-del-baix-llobregat\/\",\"name\":\"Compartimos experiencias con mujeres emprendedoras en la Subsede de Sant Just Desvern en el contexto del 6o\u00a0Congreso\u00a0de Mujeres del Baix Llobregat &raquo; Consultoria MiT\",\"isPartOf\":{\"@id\":\"https:\/\/consultoriamit.com\/es\/#website\"},\"primaryImageOfPage\":{\"@id\":\"https:\/\/consultoriamit.com\/es\/compartimos-experiencias-con-mujeres-emprendedoras-a-la-subsede-de-sant-just-desvern-en-el-marco-del-6o-congreso-de-mujeres-del-baix-llobregat\/#primaryimage\"},\"datePublished\":\"2022-10-06T13:10:28+00:00\",\"dateModified\":\"2023-04-24T11:52:04+00:00\",\"author\":{\"@id\":\"https:\/\/consultoriamit.com\/es\/#\/schema\/person\/8c444704e35f0e976a85d534d1ed23cf\"},\"breadcrumb\":{\"@id\":\"https:\/\/consultoriamit.com\/es\/compartimos-experiencias-con-mujeres-emprendedoras-a-la-subsede-de-sant-just-desvern-en-el-marco-del-6o-congreso-de-mujeres-del-baix-llobregat\/#breadcrumb\"},\"inLanguage\":\"es\",\"potentialAction\":[{\"@type\":\"ReadAction\",\"target\":[\"https:\/\/consultoriamit.com\/es\/compartimos-experiencias-con-mujeres-emprendedoras-a-la-subsede-de-sant-just-desvern-en-el-marco-del-6o-congreso-de-mujeres-del-baix-llobregat\/\"]}]},{\"@type\":\"BreadcrumbList\",\"@id\":\"https:\/\/consultoriamit.com\/es\/compartimos-experiencias-con-mujeres-emprendedoras-a-la-subsede-de-sant-just-desvern-en-el-marco-del-6o-congreso-de-mujeres-del-baix-llobregat\/#breadcrumb\",\"itemListElement\":[{\"@type\":\"ListItem\",\"position\":1,\"name\":\"Inici\",\"item\":\"https:\/\/consultoriamit.com\/es\/\"},{\"@type\":\"ListItem\",\"position\":2,\"name\":\"Compartimos experiencias con mujeres emprendedoras en la Subsede de Sant Just Desvern en el contexto del 6o\u00a0Congreso\u00a0de Mujeres del Baix Llobregat\"}]},{\"@type\":\"Person\",\"@id\":\"https:\/\/consultoriamit.com\/es\/#\/schema\/person\/8c444704e35f0e976a85d534d1ed23cf\",\"name\":\"cmit\",\"image\":{\"@type\":\"ImageObject\",\"@id\":\"https:\/\/consultoriamit.com\/es\/#personlogo\",\"inLanguage\":\"es\",\"url\":\"https:\/\/secure.gravatar.com\/avatar\/385bf981b92466484efcb8654be5a277?s=96&d=mm&r=g\",\"contentUrl\":\"https:\/\/secure.gravatar.com\/avatar\/385bf981b92466484efcb8654be5a277?s=96&d=mm&r=g\",\"caption\":\"cmit\"},\"sameAs\":[\"cmit\"]}]}<\/script>\n<!-- \/ Yoast SEO plugin. -->","yoast_head_json":{"title":"Compartimos experiencias con mujeres emprendedoras en la Subsede de Sant Just Desvern en el contexto del 6o\u00a0Congreso\u00a0de Mujeres del Baix Llobregat &raquo; Consultoria MiT","robots":{"index":"index","follow":"follow","max-snippet":"max-snippet:-1","max-image-preview":"max-image-preview:large","max-video-preview":"max-video-preview:-1"},"canonical":"https:\/\/consultoriamit.com\/es\/compartimos-experiencias-con-mujeres-emprendedoras-a-la-subsede-de-sant-just-desvern-en-el-marco-del-6o-congreso-de-mujeres-del-baix-llobregat\/","og_locale":"es_ES","og_type":"article","og_title":"Compartimos experiencias con mujeres emprendedoras en la Subsede de Sant Just Desvern en el contexto del 6o\u00a0Congreso\u00a0de Mujeres del Baix Llobregat &raquo; Consultoria MiT","og_description":"El objetivo de la jornada ha estado generar un debate en torno a los retos y aciertos del emprendimiento feminista y sobre la importancia de incorporar la perspectiva de g\u00e9nero en los proyectos de emprendimiento y en las organizaciones. El pasado 4 de octubre de 2022 el Ayuntamiento de Sant Just Desvern, como subsede del [&hellip;]","og_url":"https:\/\/consultoriamit.com\/es\/compartimos-experiencias-con-mujeres-emprendedoras-a-la-subsede-de-sant-just-desvern-en-el-marco-del-6o-congreso-de-mujeres-del-baix-llobregat\/","og_site_name":"Consultoria MiT","article_published_time":"2022-10-06T13:10:28+00:00","article_modified_time":"2023-04-24T11:52:04+00:00","og_image":[{"width":1196,"height":656,"url":"https:\/\/consultoriamit.com\/wp-content\/uploads\/2022\/10\/WhatsApp-Image-2022-10-06-at-14.57.07-2.jpeg","type":"image\/jpeg"}],"twitter_card":"summary_large_image","twitter_creator":"@CONSULTORIAMiT","twitter_site":"@CONSULTORIAMiT","twitter_misc":{"Escrito por":"cmit","Tiempo de lectura":"3 minutos"},"schema":{"@context":"https:\/\/schema.org","@graph":[{"@type":"WebSite","@id":"https:\/\/consultoriamit.com\/es\/#website","url":"https:\/\/consultoriamit.com\/es\/","name":"Consultoria Mit","description":"Consultoria M\u00e8todes i T\u00e8cniques Aplicades","potentialAction":[{"@type":"SearchAction","target":{"@type":"EntryPoint","urlTemplate":"https:\/\/consultoriamit.com\/es\/?s={search_term_string}"},"query-input":"required name=search_term_string"}],"inLanguage":"es"},{"@type":"ImageObject","@id":"https:\/\/consultoriamit.com\/es\/compartimos-experiencias-con-mujeres-emprendedoras-a-la-subsede-de-sant-just-desvern-en-el-marco-del-6o-congreso-de-mujeres-del-baix-llobregat\/#primaryimage","inLanguage":"es","url":"https:\/\/consultoriamit.com\/wp-content\/uploads\/2022\/10\/WhatsApp-Image-2022-10-06-at-14.57.07-2.jpeg","contentUrl":"https:\/\/consultoriamit.com\/wp-content\/uploads\/2022\/10\/WhatsApp-Image-2022-10-06-at-14.57.07-2.jpeg","width":1196,"height":656},{"@type":"WebPage","@id":"https:\/\/consultoriamit.com\/es\/compartimos-experiencias-con-mujeres-emprendedoras-a-la-subsede-de-sant-just-desvern-en-el-marco-del-6o-congreso-de-mujeres-del-baix-llobregat\/#webpage","url":"https:\/\/consultoriamit.com\/es\/compartimos-experiencias-con-mujeres-emprendedoras-a-la-subsede-de-sant-just-desvern-en-el-marco-del-6o-congreso-de-mujeres-del-baix-llobregat\/","name":"Compartimos experiencias con mujeres emprendedoras en la Subsede de Sant Just Desvern en el contexto del 6o\u00a0Congreso\u00a0de Mujeres del Baix Llobregat &raquo; Consultoria MiT","isPartOf":{"@id":"https:\/\/consultoriamit.com\/es\/#website"},"primaryImageOfPage":{"@id":"https:\/\/consultoriamit.com\/es\/compartimos-experiencias-con-mujeres-emprendedoras-a-la-subsede-de-sant-just-desvern-en-el-marco-del-6o-congreso-de-mujeres-del-baix-llobregat\/#primaryimage"},"datePublished":"2022-10-06T13:10:28+00:00","dateModified":"2023-04-24T11:52:04+00:00","author":{"@id":"https:\/\/consultoriamit.com\/es\/#\/schema\/person\/8c444704e35f0e976a85d534d1ed23cf"},"breadcrumb":{"@id":"https:\/\/consultoriamit.com\/es\/compartimos-experiencias-con-mujeres-emprendedoras-a-la-subsede-de-sant-just-desvern-en-el-marco-del-6o-congreso-de-mujeres-del-baix-llobregat\/#breadcrumb"},"inLanguage":"es","potentialAction":[{"@type":"ReadAction","target":["https:\/\/consultoriamit.com\/es\/compartimos-experiencias-con-mujeres-emprendedoras-a-la-subsede-de-sant-just-desvern-en-el-marco-del-6o-congreso-de-mujeres-del-baix-llobregat\/"]}]},{"@type":"BreadcrumbList","@id":"https:\/\/consultoriamit.com\/es\/compartimos-experiencias-con-mujeres-emprendedoras-a-la-subsede-de-sant-just-desvern-en-el-marco-del-6o-congreso-de-mujeres-del-baix-llobregat\/#breadcrumb","itemListElement":[{"@type":"ListItem","position":1,"name":"Inici","item":"https:\/\/consultoriamit.com\/es\/"},{"@type":"ListItem","position":2,"name":"Compartimos experiencias con mujeres emprendedoras en la Subsede de Sant Just Desvern en el contexto del 6o\u00a0Congreso\u00a0de Mujeres del Baix Llobregat"}]},{"@type":"Person","@id":"https:\/\/consultoriamit.com\/es\/#\/schema\/person\/8c444704e35f0e976a85d534d1ed23cf","name":"cmit","image":{"@type":"ImageObject","@id":"https:\/\/consultoriamit.com\/es\/#personlogo","inLanguage":"es","url":"https:\/\/secure.gravatar.com\/avatar\/385bf981b92466484efcb8654be5a277?s=96&d=mm&r=g","contentUrl":"https:\/\/secure.gravatar.com\/avatar\/385bf981b92466484efcb8654be5a277?s=96&d=mm&r=g","caption":"cmit"},"sameAs":["cmit"]}]}},"_links":{"self":[{"href":"https:\/\/consultoriamit.com\/es\/wp-json\/wp\/v2\/posts\/5893"}],"collection":[{"href":"https:\/\/consultoriamit.com\/es\/wp-json\/wp\/v2\/posts"}],"about":[{"href":"https:\/\/consultoriamit.com\/es\/wp-json\/wp\/v2\/types\/post"}],"author":[{"embeddable":true,"href":"https:\/\/consultoriamit.com\/es\/wp-json\/wp\/v2\/users\/4"}],"replies":[{"embeddable":true,"href":"https:\/\/consultoriamit.com\/es\/wp-json\/wp\/v2\/comments?post=5893"}],"version-history":[{"count":2,"href":"https:\/\/consultoriamit.com\/es\/wp-json\/wp\/v2\/posts\/5893\/revisions"}],"predecessor-version":[{"id":5926,"href":"https:\/\/consultoriamit.com\/es\/wp-json\/wp\/v2\/posts\/5893\/revisions\/5926"}],"wp:featuredmedia":[{"embeddable":true,"href":"https:\/\/consultoriamit.com\/es\/wp-json\/wp\/v2\/media\/5922"}],"wp:attachment":[{"href":"https:\/\/consultoriamit.com\/es\/wp-json\/wp\/v2\/media?parent=5893"}],"wp:term":[{"taxonomy":"category","embeddable":true,"href":"https:\/\/consultoriamit.com\/es\/wp-json\/wp\/v2\/categories?post=5893"},{"taxonomy":"post_tag","embeddable":true,"href":"https:\/\/consultoriamit.com\/es\/wp-json\/wp\/v2\/tags?post=5893"}],"curies":[{"name":"wp","href":"https:\/\/api.w.org\/{rel}","templated":true}]}}