{"id":6472,"date":"2023-03-07T18:57:45","date_gmt":"2023-03-07T16:57:45","guid":{"rendered":"https:\/\/consultoriamit.com\/?p=6472"},"modified":"2025-04-23T11:01:19","modified_gmt":"2025-04-23T09:01:19","slug":"8-de-marzo-por-un-presente-y-un-futuro-feminista","status":"publish","type":"post","link":"https:\/\/consultoriamit.com\/es\/8-de-marzo-por-un-presente-y-un-futuro-feminista\/","title":{"rendered":"8 de Marzo: Por un presente y un futuro feminista"},"content":{"rendered":"\n<p><strong>Desde la <a href=\"https:\/\/www.linkedin.com\/company\/cmit---consultoria-mit\/\" target=\"_blank\" rel=\"noreferrer noopener\">Consultor\u00eda MiT<\/a>, nos sumamos a la reivindicaci\u00f3n del 8 de Marzo: D\u00eda Internacional de la Mujer. Continuamos trabajando con el objetivo de eliminar toda forma de discriminaci\u00f3n hacia las mujeres, promover el empoderamiento y conseguir la participaci\u00f3n plena de las mujeres en la sociedad: El 8M es cada d\u00eda.<\/strong><\/p>\n\n\n\n<p>En el marco del 8M, contamos con una agenda llena de actos donde apoyamos y participamos en diferentes campa\u00f1as impulsadas desde administraciones p\u00fablicas, as\u00ed como visibilizamos el trabajo realizado y hacemos eco del esfuerzo de las entidades de mujeres en la lucha hacia la igualdad de g\u00e9nero.<\/p>\n\n\n\n<p>Os invitamos a asistir a los siguientes actos en el marco del 8M, en colaboraci\u00f3n con el <a href=\"https:\/\/begues.webmunicipal.diba.cat\/media\/repository\/documents_noticies\/Triptic8M_web.pdf\" target=\"_blank\" rel=\"noreferrer noopener\">Ayuntamiento de Begues<\/a>, el <a href=\"https:\/\/www.gavaciutat.cat\/documents\/20142\/682943\/AAFF+8M+2023+FULLETO+16+pag+versio+WEB.pdf\/194ce098-e78c-6670-d30b-42ce504fc552?t=1677757119168\" target=\"_blank\" rel=\"noreferrer noopener\">Ayuntamiento de Gav\u00e0<\/a> y el <a href=\"https:\/\/www.rubi.cat\/es\/temas\/igualdad\/jornadas-feministas\" target=\"_blank\" rel=\"noreferrer noopener\">Ayuntamiento de Rub\u00ed <\/a>donde, <a href=\"https:\/\/www.linkedin.com\/in\/blancamorenotriguero\/\" target=\"_blank\" rel=\"noreferrer noopener\">Blanca Moreno<\/a>, directora de la Consultor\u00eda MiT, participar\u00e1 como soci\u00f3loga y experta en pol\u00edticas de innovaci\u00f3n de g\u00e9nero.<\/p>\n\n\n\n<div class=\"wp-container-3 wp-block-columns\">\n<div class=\"wp-container-1 wp-block-column\">\n<figure class=\"wp-block-image size-full\"><img loading=\"lazy\" width=\"552\" height=\"712\" src=\"https:\/\/consultoriamit.com\/wp-content\/uploads\/2023\/03\/grandee-2.jpg\" alt=\"\" class=\"wp-image-6475\" srcset=\"https:\/\/consultoriamit.com\/wp-content\/uploads\/2023\/03\/grandee-2.jpg 552w, https:\/\/consultoriamit.com\/wp-content\/uploads\/2023\/03\/grandee-2-233x300.jpg 233w\" sizes=\"(max-width: 552px) 100vw, 552px\" \/><figcaption>Presentaci\u00f3n de la diagnosis del Plan de Igualdad de <a href=\"https:\/\/www.begues.cat\/\" target=\"_blank\" rel=\"noreferrer noopener\">Begues<\/a> por parte de Blanca Moreno, dirigida a toda la ciudadan\u00eda en el marco del 8M.<\/figcaption><\/figure>\n<\/div>\n\n\n\n<div class=\"wp-container-2 wp-block-column\">\n<figure class=\"wp-block-image size-full\"><img loading=\"lazy\" width=\"426\" height=\"452\" src=\"https:\/\/consultoriamit.com\/wp-content\/uploads\/2023\/03\/8m-en-clau-de-donaa-1.png\" alt=\"\" class=\"wp-image-6479\" srcset=\"https:\/\/consultoriamit.com\/wp-content\/uploads\/2023\/03\/8m-en-clau-de-donaa-1.png 426w, https:\/\/consultoriamit.com\/wp-content\/uploads\/2023\/03\/8m-en-clau-de-donaa-1-283x300.png 283w\" sizes=\"(max-width: 426px) 100vw, 426px\" \/><figcaption>Presentaci\u00f3n-charla del libro \"C\u00e1mara sin ventanas\" el d\u00eda 9 de marzo en Begues a cargo de<a href=\"https:\/\/www.instagram.com\/xavierlahozmaronda\/\" target=\"_blank\" rel=\"noreferrer noopener\"> Xavier Lahoz<\/a> y <a href=\"https:\/\/www.instagram.com\/blancamoreno_mit\/\" target=\"_blank\" rel=\"noreferrer noopener\">Blanca Moreno<\/a>.<\/figcaption><\/figure>\n<\/div>\n<\/div>\n\n\n\n<div class=\"wp-container-6 wp-block-columns\">\n<div class=\"wp-container-4 wp-block-column\">\n<figure class=\"wp-block-image size-large\"><img src=\"https:\/\/consultoriamit.com\/wp-content\/uploads\/2023\/03\/Ajuntament-1-2-1086x1536.png\" alt=\"\"\/><figcaption>Charla sobre Feminismo y Sororidad a cargo de Blanca Moreno, dirigida al personal del <a href=\"https:\/\/www.gavaciutat.cat\/\" target=\"_blank\" rel=\"noreferrer noopener\">Ayuntamiento de Gav\u00e0<\/a>.<\/figcaption><\/figure>\n<\/div>\n\n\n\n<div class=\"wp-container-5 wp-block-column\">\n<figure class=\"wp-block-image size-large\"><img src=\"https:\/\/consultoriamit.com\/wp-content\/uploads\/2023\/03\/jornades-rubiiii.jpg\" alt=\"\"\/><figcaption>Jornadas feministas en Rub\u00ed, con Blanca Moreno Triguero i&nbsp;<a href=\"https:\/\/www.eio.upc.edu\/en\/homepages\/karina\" target=\"_blank\" rel=\"noreferrer noopener\">Karina Gibert<\/a>.<\/figcaption><\/figure>\n<\/div>\n<\/div>\n","protected":false},"excerpt":{"rendered":"<p>Desde la Consultor\u00eda MiT, nos sumamos a la reivindicaci\u00f3n del 8 de Marzo: D\u00eda Internacional de la Mujer. Continuamos trabajando con el objetivo de eliminar toda forma de discriminaci\u00f3n hacia las mujeres, promover el empoderamiento y conseguir la participaci\u00f3n plena de las mujeres en la sociedad: El 8M es cada d\u00eda. En el marco del [&hellip;]<\/p>\n","protected":false},"author":4,"featured_media":6483,"comment_status":"open","ping_status":"open","sticky":false,"template":"","format":"standard","meta":[],"categories":[915,331,323],"tags":[382,340,916,328],"acf":[],"yoast_head":"<!-- This site is optimized with the Yoast SEO plugin v18.5.1 - https:\/\/yoast.com\/wordpress\/plugins\/seo\/ -->\n<title>8 de Marzo: Por un presente y un futuro feminista &raquo; Consultoria MiT<\/title>\n<meta name=\"robots\" content=\"index, follow, max-snippet:-1, max-image-preview:large, max-video-preview:-1\" \/>\n<link rel=\"canonical\" href=\"https:\/\/consultoriamit.com\/es\/8-de-marzo-por-un-presente-y-un-futuro-feminista\/\" \/>\n<meta property=\"og:locale\" content=\"es_ES\" \/>\n<meta property=\"og:type\" content=\"article\" \/>\n<meta property=\"og:title\" content=\"8 de Marzo: Por un presente y un futuro feminista &raquo; Consultoria MiT\" \/>\n<meta property=\"og:description\" content=\"Desde la Consultor\u00eda MiT, nos sumamos a la reivindicaci\u00f3n del 8 de Marzo: D\u00eda Internacional de la Mujer. Continuamos trabajando con el objetivo de eliminar toda forma de discriminaci\u00f3n hacia las mujeres, promover el empoderamiento y conseguir la participaci\u00f3n plena de las mujeres en la sociedad: El 8M es cada d\u00eda. En el marco del [&hellip;]\" \/>\n<meta property=\"og:url\" content=\"https:\/\/consultoriamit.com\/es\/8-de-marzo-por-un-presente-y-un-futuro-feminista\/\" \/>\n<meta property=\"og:site_name\" content=\"Consultoria MiT\" \/>\n<meta property=\"article:published_time\" content=\"2023-03-07T16:57:45+00:00\" \/>\n<meta property=\"article:modified_time\" content=\"2025-04-23T09:01:19+00:00\" \/>\n<meta property=\"og:image\" content=\"https:\/\/consultoriamit.com\/wp-content\/uploads\/2023\/03\/8M-2023-Por-un-presentey-futuro-feminista.jpg\" \/>\n\t<meta property=\"og:image:width\" content=\"1324\" \/>\n\t<meta property=\"og:image:height\" content=\"745\" \/>\n\t<meta property=\"og:image:type\" content=\"image\/jpeg\" \/>\n<meta name=\"twitter:card\" content=\"summary_large_image\" \/>\n<meta name=\"twitter:creator\" content=\"@CONSULTORIAMiT\" \/>\n<meta name=\"twitter:site\" content=\"@CONSULTORIAMiT\" \/>\n<meta name=\"twitter:label1\" content=\"Escrito por\" \/>\n\t<meta name=\"twitter:data1\" content=\"cmit\" \/>\n\t<meta name=\"twitter:label2\" content=\"Tiempo de lectura\" \/>\n\t<meta name=\"twitter:data2\" content=\"3 minutos\" \/>\n<script type=\"application\/ld+json\" class=\"yoast-schema-graph\">{\"@context\":\"https:\/\/schema.org\",\"@graph\":[{\"@type\":\"WebSite\",\"@id\":\"https:\/\/consultoriamit.com\/es\/#website\",\"url\":\"https:\/\/consultoriamit.com\/es\/\",\"name\":\"Consultoria Mit\",\"description\":\"Consultoria M\u00e8todes i T\u00e8cniques Aplicades\",\"potentialAction\":[{\"@type\":\"SearchAction\",\"target\":{\"@type\":\"EntryPoint\",\"urlTemplate\":\"https:\/\/consultoriamit.com\/es\/?s={search_term_string}\"},\"query-input\":\"required name=search_term_string\"}],\"inLanguage\":\"es\"},{\"@type\":\"ImageObject\",\"@id\":\"https:\/\/consultoriamit.com\/es\/8-de-marzo-por-un-presente-y-un-futuro-feminista\/#primaryimage\",\"inLanguage\":\"es\",\"url\":\"https:\/\/consultoriamit.com\/wp-content\/uploads\/2023\/03\/8M-2023-Por-un-presentey-futuro-feminista.jpg\",\"contentUrl\":\"https:\/\/consultoriamit.com\/wp-content\/uploads\/2023\/03\/8M-2023-Por-un-presentey-futuro-feminista.jpg\",\"width\":1324,\"height\":745},{\"@type\":\"WebPage\",\"@id\":\"https:\/\/consultoriamit.com\/es\/8-de-marzo-por-un-presente-y-un-futuro-feminista\/#webpage\",\"url\":\"https:\/\/consultoriamit.com\/es\/8-de-marzo-por-un-presente-y-un-futuro-feminista\/\",\"name\":\"8 de Marzo: Por un presente y un futuro feminista &raquo; Consultoria MiT\",\"isPartOf\":{\"@id\":\"https:\/\/consultoriamit.com\/es\/#website\"},\"primaryImageOfPage\":{\"@id\":\"https:\/\/consultoriamit.com\/es\/8-de-marzo-por-un-presente-y-un-futuro-feminista\/#primaryimage\"},\"datePublished\":\"2023-03-07T16:57:45+00:00\",\"dateModified\":\"2025-04-23T09:01:19+00:00\",\"author\":{\"@id\":\"https:\/\/consultoriamit.com\/es\/#\/schema\/person\/8c444704e35f0e976a85d534d1ed23cf\"},\"breadcrumb\":{\"@id\":\"https:\/\/consultoriamit.com\/es\/8-de-marzo-por-un-presente-y-un-futuro-feminista\/#breadcrumb\"},\"inLanguage\":\"es\",\"potentialAction\":[{\"@type\":\"ReadAction\",\"target\":[\"https:\/\/consultoriamit.com\/es\/8-de-marzo-por-un-presente-y-un-futuro-feminista\/\"]}]},{\"@type\":\"BreadcrumbList\",\"@id\":\"https:\/\/consultoriamit.com\/es\/8-de-marzo-por-un-presente-y-un-futuro-feminista\/#breadcrumb\",\"itemListElement\":[{\"@type\":\"ListItem\",\"position\":1,\"name\":\"Inici\",\"item\":\"https:\/\/consultoriamit.com\/es\/inicio\/\"},{\"@type\":\"ListItem\",\"position\":2,\"name\":\"8 de Marzo: Por un presente y un futuro feminista\"}]},{\"@type\":\"Person\",\"@id\":\"https:\/\/consultoriamit.com\/es\/#\/schema\/person\/8c444704e35f0e976a85d534d1ed23cf\",\"name\":\"cmit\",\"image\":{\"@type\":\"ImageObject\",\"@id\":\"https:\/\/consultoriamit.com\/es\/#personlogo\",\"inLanguage\":\"es\",\"url\":\"https:\/\/secure.gravatar.com\/avatar\/385bf981b92466484efcb8654be5a277?s=96&d=mm&r=g\",\"contentUrl\":\"https:\/\/secure.gravatar.com\/avatar\/385bf981b92466484efcb8654be5a277?s=96&d=mm&r=g\",\"caption\":\"cmit\"},\"sameAs\":[\"cmit\"]}]}<\/script>\n<!-- \/ Yoast SEO plugin. -->","yoast_head_json":{"title":"8 de Marzo: Por un presente y un futuro feminista &raquo; Consultoria MiT","robots":{"index":"index","follow":"follow","max-snippet":"max-snippet:-1","max-image-preview":"max-image-preview:large","max-video-preview":"max-video-preview:-1"},"canonical":"https:\/\/consultoriamit.com\/es\/8-de-marzo-por-un-presente-y-un-futuro-feminista\/","og_locale":"es_ES","og_type":"article","og_title":"8 de Marzo: Por un presente y un futuro feminista &raquo; Consultoria MiT","og_description":"Desde la Consultor\u00eda MiT, nos sumamos a la reivindicaci\u00f3n del 8 de Marzo: D\u00eda Internacional de la Mujer. Continuamos trabajando con el objetivo de eliminar toda forma de discriminaci\u00f3n hacia las mujeres, promover el empoderamiento y conseguir la participaci\u00f3n plena de las mujeres en la sociedad: El 8M es cada d\u00eda. En el marco del [&hellip;]","og_url":"https:\/\/consultoriamit.com\/es\/8-de-marzo-por-un-presente-y-un-futuro-feminista\/","og_site_name":"Consultoria MiT","article_published_time":"2023-03-07T16:57:45+00:00","article_modified_time":"2025-04-23T09:01:19+00:00","og_image":[{"width":1324,"height":745,"url":"https:\/\/consultoriamit.com\/wp-content\/uploads\/2023\/03\/8M-2023-Por-un-presentey-futuro-feminista.jpg","type":"image\/jpeg"}],"twitter_card":"summary_large_image","twitter_creator":"@CONSULTORIAMiT","twitter_site":"@CONSULTORIAMiT","twitter_misc":{"Escrito por":"cmit","Tiempo de lectura":"3 minutos"},"schema":{"@context":"https:\/\/schema.org","@graph":[{"@type":"WebSite","@id":"https:\/\/consultoriamit.com\/es\/#website","url":"https:\/\/consultoriamit.com\/es\/","name":"Consultoria Mit","description":"Consultoria M\u00e8todes i T\u00e8cniques Aplicades","potentialAction":[{"@type":"SearchAction","target":{"@type":"EntryPoint","urlTemplate":"https:\/\/consultoriamit.com\/es\/?s={search_term_string}"},"query-input":"required name=search_term_string"}],"inLanguage":"es"},{"@type":"ImageObject","@id":"https:\/\/consultoriamit.com\/es\/8-de-marzo-por-un-presente-y-un-futuro-feminista\/#primaryimage","inLanguage":"es","url":"https:\/\/consultoriamit.com\/wp-content\/uploads\/2023\/03\/8M-2023-Por-un-presentey-futuro-feminista.jpg","contentUrl":"https:\/\/consultoriamit.com\/wp-content\/uploads\/2023\/03\/8M-2023-Por-un-presentey-futuro-feminista.jpg","width":1324,"height":745},{"@type":"WebPage","@id":"https:\/\/consultoriamit.com\/es\/8-de-marzo-por-un-presente-y-un-futuro-feminista\/#webpage","url":"https:\/\/consultoriamit.com\/es\/8-de-marzo-por-un-presente-y-un-futuro-feminista\/","name":"8 de Marzo: Por un presente y un futuro feminista &raquo; Consultoria MiT","isPartOf":{"@id":"https:\/\/consultoriamit.com\/es\/#website"},"primaryImageOfPage":{"@id":"https:\/\/consultoriamit.com\/es\/8-de-marzo-por-un-presente-y-un-futuro-feminista\/#primaryimage"},"datePublished":"2023-03-07T16:57:45+00:00","dateModified":"2025-04-23T09:01:19+00:00","author":{"@id":"https:\/\/consultoriamit.com\/es\/#\/schema\/person\/8c444704e35f0e976a85d534d1ed23cf"},"breadcrumb":{"@id":"https:\/\/consultoriamit.com\/es\/8-de-marzo-por-un-presente-y-un-futuro-feminista\/#breadcrumb"},"inLanguage":"es","potentialAction":[{"@type":"ReadAction","target":["https:\/\/consultoriamit.com\/es\/8-de-marzo-por-un-presente-y-un-futuro-feminista\/"]}]},{"@type":"BreadcrumbList","@id":"https:\/\/consultoriamit.com\/es\/8-de-marzo-por-un-presente-y-un-futuro-feminista\/#breadcrumb","itemListElement":[{"@type":"ListItem","position":1,"name":"Inici","item":"https:\/\/consultoriamit.com\/es\/inicio\/"},{"@type":"ListItem","position":2,"name":"8 de Marzo: Por un presente y un futuro feminista"}]},{"@type":"Person","@id":"https:\/\/consultoriamit.com\/es\/#\/schema\/person\/8c444704e35f0e976a85d534d1ed23cf","name":"cmit","image":{"@type":"ImageObject","@id":"https:\/\/consultoriamit.com\/es\/#personlogo","inLanguage":"es","url":"https:\/\/secure.gravatar.com\/avatar\/385bf981b92466484efcb8654be5a277?s=96&d=mm&r=g","contentUrl":"https:\/\/secure.gravatar.com\/avatar\/385bf981b92466484efcb8654be5a277?s=96&d=mm&r=g","caption":"cmit"},"sameAs":["cmit"]}]}},"_links":{"self":[{"href":"https:\/\/consultoriamit.com\/es\/wp-json\/wp\/v2\/posts\/6472"}],"collection":[{"href":"https:\/\/consultoriamit.com\/es\/wp-json\/wp\/v2\/posts"}],"about":[{"href":"https:\/\/consultoriamit.com\/es\/wp-json\/wp\/v2\/types\/post"}],"author":[{"embeddable":true,"href":"https:\/\/consultoriamit.com\/es\/wp-json\/wp\/v2\/users\/4"}],"replies":[{"embeddable":true,"href":"https:\/\/consultoriamit.com\/es\/wp-json\/wp\/v2\/comments?post=6472"}],"version-history":[{"count":5,"href":"https:\/\/consultoriamit.com\/es\/wp-json\/wp\/v2\/posts\/6472\/revisions"}],"predecessor-version":[{"id":6499,"href":"https:\/\/consultoriamit.com\/es\/wp-json\/wp\/v2\/posts\/6472\/revisions\/6499"}],"wp:featuredmedia":[{"embeddable":true,"href":"https:\/\/consultoriamit.com\/es\/wp-json\/wp\/v2\/media\/6483"}],"wp:attachment":[{"href":"https:\/\/consultoriamit.com\/es\/wp-json\/wp\/v2\/media?parent=6472"}],"wp:term":[{"taxonomy":"category","embeddable":true,"href":"https:\/\/consultoriamit.com\/es\/wp-json\/wp\/v2\/categories?post=6472"},{"taxonomy":"post_tag","embeddable":true,"href":"https:\/\/consultoriamit.com\/es\/wp-json\/wp\/v2\/tags?post=6472"}],"curies":[{"name":"wp","href":"https:\/\/api.w.org\/{rel}","templated":true}]}}