{"id":6728,"date":"2023-06-13T13:09:13","date_gmt":"2023-06-13T11:09:13","guid":{"rendered":"https:\/\/consultoriamit.com\/?p=6728"},"modified":"2023-06-20T11:49:41","modified_gmt":"2023-06-20T09:49:41","slug":"la-importancia-del-trabajo-en-red-para-la-prevencion-de-las-violencias-machistas-en-contextos-festivos-y-ocio","status":"publish","type":"post","link":"https:\/\/consultoriamit.com\/es\/la-importancia-del-trabajo-en-red-para-la-prevencion-de-las-violencias-machistas-en-contextos-festivos-y-ocio\/","title":{"rendered":"La importancia del trabajo en red para la prevenci\u00f3n de las violencias machistas en contextos festivos y ocio"},"content":{"rendered":"\n<p><strong>El pasado s\u00e1bado, Blanca Moreno, directora de la <a href=\"https:\/\/www.linkedin.com\/in\/blancamorenotriguero\/\" target=\"_blank\" rel=\"noreferrer noopener\">Consultor\u00eda MiT<\/a>, imparti\u00f3 una formaci\u00f3n a 33 personas (18 mujeres y 15 hombres) de diferentes entidades que participar\u00e1n en la Fiesta Mayor del Ayuntamiento de Barber\u00e0 del Vall\u00e8s<\/strong><\/p>\n\n\n\n<p><strong>Las cifras actuales ponen de manifiesto la alta frecuencia con la que las mujeres sufren distintas formas de violencias sexuales en los espacios p\u00fablicos de ocio.<\/strong> De hecho, la investigaci\u00f3n <a href=\"https:\/\/mujeresjovenes.org\/portfolio\/noches-seguras-para-todas\/\" target=\"_blank\" rel=\"noreferrer noopener\">\"Noches seguras para todas\"<\/a> realizada por la <a href=\"https:\/\/mujeresjovenes.org\/\" target=\"_blank\" rel=\"noreferrer noopener\">Federaci\u00f3n Mujeres J\u00f3venes<\/a> revel\u00f3 que las mujeres j\u00f3venes perciben el ocio nocturno como un espacio donde se producen violencias sexuales con gran permisividad.<\/p>\n\n\n\n<p><strong>Para conseguir romper y transformar una estructura patriarcal tan profundamente arraigada a todos los niveles es necesario implicar a m\u00faltiples actores y asegurar la acci\u00f3n coordinada de administraciones, entidades, cuerpos policiales, profesionales de atenci\u00f3n a las violencias machistas, seguridad privada, equipos sanitarios, entre otros.<\/strong><\/p>\n\n\n\n<p>As\u00ed, la <a href=\"https:\/\/www.bdv.cat\/equitat-de-genere\" target=\"_blank\" rel=\"noreferrer noopener\">Oficina de Pol\u00edticas de G\u00e9nero<\/a> en colaboraci\u00f3n con la Secci\u00f3n de Colectivos Sociales y Cultura del <a href=\"https:\/\/www.bdv.cat\/\" target=\"_blank\" rel=\"noreferrer noopener\">Ayuntamiento de Barber\u00e0<\/a>, organiz\u00f3 una formaci\u00f3n, a cargo de Blanca Moreno, directora de la <a href=\"https:\/\/www.linkedin.com\/in\/blancamorenotriguero\/\" target=\"_blank\" rel=\"noreferrer noopener\">Consultor\u00eda MiT<\/a>, sobre violencias machistas en contextos festivos y de ocio, dirigida a las entidades que participan en la Fiesta Mayor de este a\u00f1o.<\/p>\n\n\n\n<p>La sesi\u00f3n, que tuvo una duraci\u00f3n de 4 horas, ten\u00eda como objetivo <strong>sensibilizar y dar herramientas a las entidades, frente a las violencias machistas, tanto por la Fiesta Mayor como por otros eventos de ocio o festivos.<\/strong><\/p>\n\n\n\n<p>Algunas de las cuestiones trabajadas en la formaci\u00f3n fueron el marco legal actual en pol\u00edticas feministas, conceptos clave sobre las violencias machistas y c\u00f3mo se manifiestan en espacios festivos. Tambi\u00e9n, se explic\u00f3 el circuito de actuaci\u00f3n en caso de detectar un caso de violencia machista y c\u00f3mo activar el Protocolo Municipal para unas Fiestas y Espacios de Ocio Libres de Violencias Machistas del Ayuntamiento de Barber\u00e0.<\/p>\n\n\n\n<p>Finalmente, se hizo menci\u00f3n espec\u00edfica a la importante labor de los Punts Liles como espacios de asesoramiento, informaci\u00f3n, sensibilizaci\u00f3n y actuaci\u00f3n en casos de agresi\u00f3n sexual, enfocados al ocio nocturno.<\/p>\n\n\n\n<p><em>Im\u00e1genes de la sesi\u00f3n:<\/em><\/p>\n\n\n\n<figure class=\"wp-block-image size-full is-resized\"><img loading=\"lazy\" src=\"https:\/\/consultoriamit.com\/wp-content\/uploads\/2023\/06\/image-3.png\" alt=\"\" class=\"wp-image-6729\" width=\"572\" height=\"377\" srcset=\"https:\/\/consultoriamit.com\/wp-content\/uploads\/2023\/06\/image-3.png 768w, https:\/\/consultoriamit.com\/wp-content\/uploads\/2023\/06\/image-3-300x198.png 300w\" sizes=\"(max-width: 572px) 100vw, 572px\" \/><\/figure>\n\n\n\n<figure class=\"wp-block-image size-full is-resized\"><img loading=\"lazy\" src=\"https:\/\/consultoriamit.com\/wp-content\/uploads\/2023\/06\/image-4.png\" alt=\"\" class=\"wp-image-6731\" width=\"571\" height=\"403\" srcset=\"https:\/\/consultoriamit.com\/wp-content\/uploads\/2023\/06\/image-4.png 768w, https:\/\/consultoriamit.com\/wp-content\/uploads\/2023\/06\/image-4-300x212.png 300w\" sizes=\"(max-width: 571px) 100vw, 571px\" \/><\/figure>\n\n\n\n<figure class=\"wp-block-image size-full is-resized\"><img loading=\"lazy\" src=\"https:\/\/consultoriamit.com\/wp-content\/uploads\/2023\/06\/image-5.png\" alt=\"\" class=\"wp-image-6733\" width=\"570\" height=\"418\" srcset=\"https:\/\/consultoriamit.com\/wp-content\/uploads\/2023\/06\/image-5.png 768w, https:\/\/consultoriamit.com\/wp-content\/uploads\/2023\/06\/image-5-300x220.png 300w\" sizes=\"(max-width: 570px) 100vw, 570px\" \/><\/figure>\n\n\n\n<p><em>Fuente: Ayuntamiento de Barber\u00e0 del Vall\u00e8s.<\/em><\/p>\n\n\n\n<p><strong>Enlaces de inter\u00e9s:<\/strong><\/p>\n\n\n\n<p><a href=\"https:\/\/consultoriamit.com\/category\/punt-lila\/\">https:\/\/consultoriamit.com\/category\/punt-lila\/<\/a><\/p>\n\n\n\n<p><a href=\"https:\/\/www.bdv.cat\/noticies\/sorganitza-una-formacio-en-violencia-masclista-totes-les-entitats-barberenques-que-hi-0\">https:\/\/www.bdv.cat\/noticies\/sorganitza-una-formacio-en-violencia-masclista-totes-les-entitats-barberenques-que-hi-0<\/a><\/p>\n","protected":false},"excerpt":{"rendered":"<p>El pasado s\u00e1bado, Blanca Moreno, directora de la Consultor\u00eda MiT, imparti\u00f3 una formaci\u00f3n a 33 personas (18 mujeres y 15 hombres) de diferentes entidades que participar\u00e1n en la Fiesta Mayor del Ayuntamiento de Barber\u00e0 del Vall\u00e8s Las cifras actuales ponen de manifiesto la alta frecuencia con la que las mujeres sufren distintas formas de violencias [&hellip;]<\/p>\n","protected":false},"author":4,"featured_media":6726,"comment_status":"open","ping_status":"open","sticky":false,"template":"","format":"standard","meta":[],"categories":[607,630],"tags":[820,719,330,580],"acf":[],"yoast_head":"<!-- This site is optimized with the Yoast SEO plugin v18.5.1 - https:\/\/yoast.com\/wordpress\/plugins\/seo\/ -->\n<title>La importancia del trabajo en red para la prevenci\u00f3n de las violencias machistas en contextos festivos y ocio &raquo; Consultoria MiT<\/title>\n<meta name=\"robots\" content=\"index, follow, max-snippet:-1, max-image-preview:large, max-video-preview:-1\" \/>\n<link rel=\"canonical\" href=\"https:\/\/consultoriamit.com\/es\/la-importancia-del-trabajo-en-red-para-la-prevencion-de-las-violencias-machistas-en-contextos-festivos-y-ocio\/\" \/>\n<meta property=\"og:locale\" content=\"es_ES\" \/>\n<meta property=\"og:type\" content=\"article\" \/>\n<meta property=\"og:title\" content=\"La importancia del trabajo en red para la prevenci\u00f3n de las violencias machistas en contextos festivos y ocio &raquo; Consultoria MiT\" \/>\n<meta property=\"og:description\" content=\"El pasado s\u00e1bado, Blanca Moreno, directora de la Consultor\u00eda MiT, imparti\u00f3 una formaci\u00f3n a 33 personas (18 mujeres y 15 hombres) de diferentes entidades que participar\u00e1n en la Fiesta Mayor del Ayuntamiento de Barber\u00e0 del Vall\u00e8s Las cifras actuales ponen de manifiesto la alta frecuencia con la que las mujeres sufren distintas formas de violencias [&hellip;]\" \/>\n<meta property=\"og:url\" content=\"https:\/\/consultoriamit.com\/es\/la-importancia-del-trabajo-en-red-para-la-prevencion-de-las-violencias-machistas-en-contextos-festivos-y-ocio\/\" \/>\n<meta property=\"og:site_name\" content=\"Consultoria MiT\" \/>\n<meta property=\"article:published_time\" content=\"2023-06-13T11:09:13+00:00\" \/>\n<meta property=\"article:modified_time\" content=\"2023-06-20T09:49:41+00:00\" \/>\n<meta property=\"og:image\" content=\"https:\/\/consultoriamit.com\/wp-content\/uploads\/2023\/06\/11.png\" \/>\n\t<meta property=\"og:image:width\" content=\"567\" \/>\n\t<meta property=\"og:image:height\" content=\"352\" \/>\n\t<meta property=\"og:image:type\" content=\"image\/png\" \/>\n<meta name=\"twitter:card\" content=\"summary_large_image\" \/>\n<meta name=\"twitter:creator\" content=\"@CONSULTORIAMiT\" \/>\n<meta name=\"twitter:site\" content=\"@CONSULTORIAMiT\" \/>\n<meta name=\"twitter:label1\" content=\"Escrito por\" \/>\n\t<meta name=\"twitter:data1\" content=\"cmit\" \/>\n\t<meta name=\"twitter:label2\" content=\"Tiempo de lectura\" \/>\n\t<meta name=\"twitter:data2\" content=\"3 minutos\" \/>\n<script type=\"application\/ld+json\" class=\"yoast-schema-graph\">{\"@context\":\"https:\/\/schema.org\",\"@graph\":[{\"@type\":\"WebSite\",\"@id\":\"https:\/\/consultoriamit.com\/es\/#website\",\"url\":\"https:\/\/consultoriamit.com\/es\/\",\"name\":\"Consultoria Mit\",\"description\":\"Consultoria M\u00e8todes i T\u00e8cniques Aplicades\",\"potentialAction\":[{\"@type\":\"SearchAction\",\"target\":{\"@type\":\"EntryPoint\",\"urlTemplate\":\"https:\/\/consultoriamit.com\/es\/?s={search_term_string}\"},\"query-input\":\"required name=search_term_string\"}],\"inLanguage\":\"es\"},{\"@type\":\"ImageObject\",\"@id\":\"https:\/\/consultoriamit.com\/es\/la-importancia-del-trabajo-en-red-para-la-prevencion-de-las-violencias-machistas-en-contextos-festivos-y-ocio\/#primaryimage\",\"inLanguage\":\"es\",\"url\":\"https:\/\/consultoriamit.com\/wp-content\/uploads\/2023\/06\/11.png\",\"contentUrl\":\"https:\/\/consultoriamit.com\/wp-content\/uploads\/2023\/06\/11.png\",\"width\":567,\"height\":352},{\"@type\":\"WebPage\",\"@id\":\"https:\/\/consultoriamit.com\/es\/la-importancia-del-trabajo-en-red-para-la-prevencion-de-las-violencias-machistas-en-contextos-festivos-y-ocio\/#webpage\",\"url\":\"https:\/\/consultoriamit.com\/es\/la-importancia-del-trabajo-en-red-para-la-prevencion-de-las-violencias-machistas-en-contextos-festivos-y-ocio\/\",\"name\":\"La importancia del trabajo en red para la prevenci\u00f3n de las violencias machistas en contextos festivos y ocio &raquo; Consultoria MiT\",\"isPartOf\":{\"@id\":\"https:\/\/consultoriamit.com\/es\/#website\"},\"primaryImageOfPage\":{\"@id\":\"https:\/\/consultoriamit.com\/es\/la-importancia-del-trabajo-en-red-para-la-prevencion-de-las-violencias-machistas-en-contextos-festivos-y-ocio\/#primaryimage\"},\"datePublished\":\"2023-06-13T11:09:13+00:00\",\"dateModified\":\"2023-06-20T09:49:41+00:00\",\"author\":{\"@id\":\"https:\/\/consultoriamit.com\/es\/#\/schema\/person\/8c444704e35f0e976a85d534d1ed23cf\"},\"breadcrumb\":{\"@id\":\"https:\/\/consultoriamit.com\/es\/la-importancia-del-trabajo-en-red-para-la-prevencion-de-las-violencias-machistas-en-contextos-festivos-y-ocio\/#breadcrumb\"},\"inLanguage\":\"es\",\"potentialAction\":[{\"@type\":\"ReadAction\",\"target\":[\"https:\/\/consultoriamit.com\/es\/la-importancia-del-trabajo-en-red-para-la-prevencion-de-las-violencias-machistas-en-contextos-festivos-y-ocio\/\"]}]},{\"@type\":\"BreadcrumbList\",\"@id\":\"https:\/\/consultoriamit.com\/es\/la-importancia-del-trabajo-en-red-para-la-prevencion-de-las-violencias-machistas-en-contextos-festivos-y-ocio\/#breadcrumb\",\"itemListElement\":[{\"@type\":\"ListItem\",\"position\":1,\"name\":\"Inici\",\"item\":\"https:\/\/consultoriamit.com\/es\/inicio\/\"},{\"@type\":\"ListItem\",\"position\":2,\"name\":\"La importancia del trabajo en red para la prevenci\u00f3n de las violencias machistas en contextos festivos y ocio\"}]},{\"@type\":\"Person\",\"@id\":\"https:\/\/consultoriamit.com\/es\/#\/schema\/person\/8c444704e35f0e976a85d534d1ed23cf\",\"name\":\"cmit\",\"image\":{\"@type\":\"ImageObject\",\"@id\":\"https:\/\/consultoriamit.com\/es\/#personlogo\",\"inLanguage\":\"es\",\"url\":\"https:\/\/secure.gravatar.com\/avatar\/385bf981b92466484efcb8654be5a277?s=96&d=mm&r=g\",\"contentUrl\":\"https:\/\/secure.gravatar.com\/avatar\/385bf981b92466484efcb8654be5a277?s=96&d=mm&r=g\",\"caption\":\"cmit\"},\"sameAs\":[\"cmit\"]}]}<\/script>\n<!-- \/ Yoast SEO plugin. -->","yoast_head_json":{"title":"La importancia del trabajo en red para la prevenci\u00f3n de las violencias machistas en contextos festivos y ocio &raquo; Consultoria MiT","robots":{"index":"index","follow":"follow","max-snippet":"max-snippet:-1","max-image-preview":"max-image-preview:large","max-video-preview":"max-video-preview:-1"},"canonical":"https:\/\/consultoriamit.com\/es\/la-importancia-del-trabajo-en-red-para-la-prevencion-de-las-violencias-machistas-en-contextos-festivos-y-ocio\/","og_locale":"es_ES","og_type":"article","og_title":"La importancia del trabajo en red para la prevenci\u00f3n de las violencias machistas en contextos festivos y ocio &raquo; Consultoria MiT","og_description":"El pasado s\u00e1bado, Blanca Moreno, directora de la Consultor\u00eda MiT, imparti\u00f3 una formaci\u00f3n a 33 personas (18 mujeres y 15 hombres) de diferentes entidades que participar\u00e1n en la Fiesta Mayor del Ayuntamiento de Barber\u00e0 del Vall\u00e8s Las cifras actuales ponen de manifiesto la alta frecuencia con la que las mujeres sufren distintas formas de violencias [&hellip;]","og_url":"https:\/\/consultoriamit.com\/es\/la-importancia-del-trabajo-en-red-para-la-prevencion-de-las-violencias-machistas-en-contextos-festivos-y-ocio\/","og_site_name":"Consultoria MiT","article_published_time":"2023-06-13T11:09:13+00:00","article_modified_time":"2023-06-20T09:49:41+00:00","og_image":[{"width":567,"height":352,"url":"https:\/\/consultoriamit.com\/wp-content\/uploads\/2023\/06\/11.png","type":"image\/png"}],"twitter_card":"summary_large_image","twitter_creator":"@CONSULTORIAMiT","twitter_site":"@CONSULTORIAMiT","twitter_misc":{"Escrito por":"cmit","Tiempo de lectura":"3 minutos"},"schema":{"@context":"https:\/\/schema.org","@graph":[{"@type":"WebSite","@id":"https:\/\/consultoriamit.com\/es\/#website","url":"https:\/\/consultoriamit.com\/es\/","name":"Consultoria Mit","description":"Consultoria M\u00e8todes i T\u00e8cniques Aplicades","potentialAction":[{"@type":"SearchAction","target":{"@type":"EntryPoint","urlTemplate":"https:\/\/consultoriamit.com\/es\/?s={search_term_string}"},"query-input":"required name=search_term_string"}],"inLanguage":"es"},{"@type":"ImageObject","@id":"https:\/\/consultoriamit.com\/es\/la-importancia-del-trabajo-en-red-para-la-prevencion-de-las-violencias-machistas-en-contextos-festivos-y-ocio\/#primaryimage","inLanguage":"es","url":"https:\/\/consultoriamit.com\/wp-content\/uploads\/2023\/06\/11.png","contentUrl":"https:\/\/consultoriamit.com\/wp-content\/uploads\/2023\/06\/11.png","width":567,"height":352},{"@type":"WebPage","@id":"https:\/\/consultoriamit.com\/es\/la-importancia-del-trabajo-en-red-para-la-prevencion-de-las-violencias-machistas-en-contextos-festivos-y-ocio\/#webpage","url":"https:\/\/consultoriamit.com\/es\/la-importancia-del-trabajo-en-red-para-la-prevencion-de-las-violencias-machistas-en-contextos-festivos-y-ocio\/","name":"La importancia del trabajo en red para la prevenci\u00f3n de las violencias machistas en contextos festivos y ocio &raquo; Consultoria MiT","isPartOf":{"@id":"https:\/\/consultoriamit.com\/es\/#website"},"primaryImageOfPage":{"@id":"https:\/\/consultoriamit.com\/es\/la-importancia-del-trabajo-en-red-para-la-prevencion-de-las-violencias-machistas-en-contextos-festivos-y-ocio\/#primaryimage"},"datePublished":"2023-06-13T11:09:13+00:00","dateModified":"2023-06-20T09:49:41+00:00","author":{"@id":"https:\/\/consultoriamit.com\/es\/#\/schema\/person\/8c444704e35f0e976a85d534d1ed23cf"},"breadcrumb":{"@id":"https:\/\/consultoriamit.com\/es\/la-importancia-del-trabajo-en-red-para-la-prevencion-de-las-violencias-machistas-en-contextos-festivos-y-ocio\/#breadcrumb"},"inLanguage":"es","potentialAction":[{"@type":"ReadAction","target":["https:\/\/consultoriamit.com\/es\/la-importancia-del-trabajo-en-red-para-la-prevencion-de-las-violencias-machistas-en-contextos-festivos-y-ocio\/"]}]},{"@type":"BreadcrumbList","@id":"https:\/\/consultoriamit.com\/es\/la-importancia-del-trabajo-en-red-para-la-prevencion-de-las-violencias-machistas-en-contextos-festivos-y-ocio\/#breadcrumb","itemListElement":[{"@type":"ListItem","position":1,"name":"Inici","item":"https:\/\/consultoriamit.com\/es\/inicio\/"},{"@type":"ListItem","position":2,"name":"La importancia del trabajo en red para la prevenci\u00f3n de las violencias machistas en contextos festivos y ocio"}]},{"@type":"Person","@id":"https:\/\/consultoriamit.com\/es\/#\/schema\/person\/8c444704e35f0e976a85d534d1ed23cf","name":"cmit","image":{"@type":"ImageObject","@id":"https:\/\/consultoriamit.com\/es\/#personlogo","inLanguage":"es","url":"https:\/\/secure.gravatar.com\/avatar\/385bf981b92466484efcb8654be5a277?s=96&d=mm&r=g","contentUrl":"https:\/\/secure.gravatar.com\/avatar\/385bf981b92466484efcb8654be5a277?s=96&d=mm&r=g","caption":"cmit"},"sameAs":["cmit"]}]}},"_links":{"self":[{"href":"https:\/\/consultoriamit.com\/es\/wp-json\/wp\/v2\/posts\/6728"}],"collection":[{"href":"https:\/\/consultoriamit.com\/es\/wp-json\/wp\/v2\/posts"}],"about":[{"href":"https:\/\/consultoriamit.com\/es\/wp-json\/wp\/v2\/types\/post"}],"author":[{"embeddable":true,"href":"https:\/\/consultoriamit.com\/es\/wp-json\/wp\/v2\/users\/4"}],"replies":[{"embeddable":true,"href":"https:\/\/consultoriamit.com\/es\/wp-json\/wp\/v2\/comments?post=6728"}],"version-history":[{"count":2,"href":"https:\/\/consultoriamit.com\/es\/wp-json\/wp\/v2\/posts\/6728\/revisions"}],"predecessor-version":[{"id":6753,"href":"https:\/\/consultoriamit.com\/es\/wp-json\/wp\/v2\/posts\/6728\/revisions\/6753"}],"wp:featuredmedia":[{"embeddable":true,"href":"https:\/\/consultoriamit.com\/es\/wp-json\/wp\/v2\/media\/6726"}],"wp:attachment":[{"href":"https:\/\/consultoriamit.com\/es\/wp-json\/wp\/v2\/media?parent=6728"}],"wp:term":[{"taxonomy":"category","embeddable":true,"href":"https:\/\/consultoriamit.com\/es\/wp-json\/wp\/v2\/categories?post=6728"},{"taxonomy":"post_tag","embeddable":true,"href":"https:\/\/consultoriamit.com\/es\/wp-json\/wp\/v2\/tags?post=6728"}],"curies":[{"name":"wp","href":"https:\/\/api.w.org\/{rel}","templated":true}]}}