{"id":8307,"date":"2026-02-05T17:39:14","date_gmt":"2026-02-05T16:39:14","guid":{"rendered":"https:\/\/consultoriamit.com\/?p=8307"},"modified":"2026-02-05T17:44:47","modified_gmt":"2026-02-05T16:44:47","slug":"badia-del-valles-aprova-el-seu-protocol-de-dol-per-feminicidis-i-violencia-vicaria-un-proces-que-hem-tingut-lhonor-dacompanyar","status":"publish","type":"post","link":"https:\/\/consultoriamit.com\/es\/badia-del-valles-aprova-el-seu-protocol-de-dol-per-feminicidis-i-violencia-vicaria-un-proces-que-hem-tingut-lhonor-dacompanyar\/","title":{"rendered":"Badia del Vall\u00e8s aprueba su Protocolo de duelo por feminicidios y violencia vicaria, un proceso que hemos tenido el honor de acompa\u00f1ar"},"content":{"rendered":"\n<p>Hace unos meses, desde <strong>Consultoria Mit<\/strong> tuvimos la oportunidad de acompa\u00f1ar al Ayuntamiento de Badia del Vall\u00e8s en la redacci\u00f3n de su <strong>Protocolo de duelo por feminicidios y violencia vicaria<\/strong>, una herramienta imprescindible para garantizar una respuesta institucional coordinada, respetuosa y reparadora ante las formas m\u00e1s extremas de violencia machista.<\/p>\n\n\n\n<p>El protocolo, aprobado recientemente, es el resultado de un proceso compartido con servicios municipales, entidades feministas y centros educativos del municipio. Un trabajo colectivo que reafirma el compromiso de Badia del Vall\u00e8s con la lucha contra todas las violencias machistas y con la construcci\u00f3n de una comunidad que no da la espalda al dolor.<\/p>\n\n\n\n<h2>Una mesa redonda para presentar el protocolo en el marco del 25N<\/h2>\n\n\n\n<p>Con motivo del 25N, el Ayuntamiento organiz\u00f3 una mesa redonda en la Biblioteca Municipal Vicente Aleixandre, con la participaci\u00f3n de representantes institucionales y del tejido feminista local.<\/p>\n\n\n\n<ul><li><strong>Josep Mart\u00ednez Valencia<\/strong>, alcalde de Badia del Vall\u00e8s<\/li><li><strong>Eva Menor Cantador<\/strong>, consellera de Igualdad y Feminismos de la Generalitat de Catalunya<\/li><li><strong>Teresa Reverter<\/strong>, representante de la entidad Trenquem el Silenci<\/li><li><strong>Merche Corzo<\/strong>, representante de la entidad Dones per la Igualtat<\/li><li><strong>B\u00e1rbara Lucas<\/strong>, representante de la entidad Espai F\u00e8nix<\/li><li><strong>Margarida Almeida<\/strong>, en representaci\u00f3n de <strong>Consultoria Mit<\/strong><\/li><\/ul>\n\n\n\n<p>Nuestra compa\u00f1era <strong>Margarida Almeida<\/strong> intervino en representaci\u00f3n de Mit, compartiendo reflexiones sobre las violencias machistas actuales y explicando la metodolog\u00eda del protocolo.<\/p>\n\n\n\n<p>La sesi\u00f3n permiti\u00f3 abrir un espacio de debate necesario sobre las nuevas formas de violencia, especialmente las digitales, y sobre la importancia de reforzar la mirada comunitaria y la diligencia debida en todas las respuestas p\u00fablicas.<\/p>\n\n\n\n<h2>Las violencias machistas hoy: nuevas formas, viejas estructuras<\/h2>\n\n\n\n<p>Durante su intervenci\u00f3n, Margarida Almeida destac\u00f3 que las violencias machistas \u201c<strong>no son solo las visibles, como las agresiones f\u00edsicas, sino aquellas que se transforman y se adaptan a los nuevos contextos sociales<\/strong>\u201d. Puso especial \u00e9nfasis en la violencia digital, que afecta cada vez m\u00e1s a j\u00f3venes y adolescentes, y que a menudo se normaliza como si fuera parte de la vida cotidiana.<\/p>\n\n\n\n<p>Tambi\u00e9n alert\u00f3 sobre la violencia vicaria, \u201c<strong>una de las expresiones m\u00e1s crueles, porque busca herir a las mujeres a trav\u00e9s de lo que m\u00e1s quieren<\/strong>\u201d, y sobre las violencias institucionales, que aparecen cuando las respuestas p\u00fablicas son lentas, insuficientes o revictimizadoras.<\/p>\n\n\n\n<h2>La metodolog\u00eda del protocolo: trabajo en red, participaci\u00f3n y diligencia debida<\/h2>\n\n\n\n<p>En la presentaci\u00f3n del protocolo, Margarida explic\u00f3 que \u201c<strong>este protocolo no nace de un despacho, sino de un proceso compartido<\/strong>\u201d. La metodolog\u00eda se bas\u00f3 en tres pilares:<\/p>\n\n\n\n<ul><li><strong>Trabajo en red<\/strong>, articulando servicios municipales (igualdad, comunicaci\u00f3n, servicios sociales) y entidades feministas.<\/li><li><strong>Participaci\u00f3n comunitaria<\/strong>, escuchando a las entidades del municipio e incorporando un grupo de trabajo con centros educativos.<\/li><li><strong>Diligencia debida<\/strong>, garantizando respuestas r\u00e1pidas, sensibles y que eviten la revictimizaci\u00f3n.<\/li><\/ul>\n\n\n\n<p>El protocolo incluye acciones de rechazo institucional, apoyo psicosocial, activaci\u00f3n de recursos socioecon\u00f3micos y un bloque espec\u00edfico dedicado al \u00e1mbito educativo, reconociendo el papel clave de escuelas e institutos.<\/p>\n\n\n\n<h2>Un compromiso colectivo para transformar el dolor en acci\u00f3n<\/h2>\n\n\n\n<p>Tal como se destac\u00f3 en la clausura del acto, el protocolo es mucho m\u00e1s que un documento t\u00e9cnico: es un compromiso de ciudad. Un compromiso para acompa\u00f1ar, reparar y prevenir. Para garantizar que ning\u00fan feminicidio ni ning\u00fan acto de violencia vicaria quede sin respuesta. Para hacer de Badia del Vall\u00e8s un municipio que act\u00faa con firmeza, dignidad y responsabilidad.<\/p>\n\n\n\n<p>Desde Mit, nos sentimos profundamente agradecidas por la confianza y orgullosas de haber contribuido a este proceso. <strong>Seguiremos trabajando junto a municipios, entidades y comunidades para avanzar hacia una sociedad libre de violencias machistas.<\/strong><\/p>\n\n\n\n<figure class=\"wp-container-2 wp-block-gallery-1 wp-block-gallery has-nested-images columns-default is-cropped\">\n<figure class=\"wp-block-image size-large\"><img loading=\"lazy\" width=\"479\" height=\"601\" data-id=\"8303\"  src=\"https:\/\/consultoriamit.com\/wp-content\/uploads\/2026\/02\/Captura-de-pantalla-2026-02-05-171328.png\" alt=\"\" class=\"wp-image-8303\" srcset=\"https:\/\/consultoriamit.com\/wp-content\/uploads\/2026\/02\/Captura-de-pantalla-2026-02-05-171328.png 479w, https:\/\/consultoriamit.com\/wp-content\/uploads\/2026\/02\/Captura-de-pantalla-2026-02-05-171328-239x300.png 239w\" sizes=\"(max-width: 479px) 100vw, 479px\" \/><\/figure>\n\n\n\n<figure class=\"wp-block-image size-large\"><img loading=\"lazy\" width=\"1200\" height=\"850\" data-id=\"8299\"  src=\"https:\/\/consultoriamit.com\/wp-content\/uploads\/2026\/02\/587360560_1305602228278213_8284612857826436509_n.jpg\" alt=\"\" class=\"wp-image-8299\" srcset=\"https:\/\/consultoriamit.com\/wp-content\/uploads\/2026\/02\/587360560_1305602228278213_8284612857826436509_n.jpg 1200w, https:\/\/consultoriamit.com\/wp-content\/uploads\/2026\/02\/587360560_1305602228278213_8284612857826436509_n-300x213.jpg 300w, https:\/\/consultoriamit.com\/wp-content\/uploads\/2026\/02\/587360560_1305602228278213_8284612857826436509_n-1024x725.jpg 1024w, https:\/\/consultoriamit.com\/wp-content\/uploads\/2026\/02\/587360560_1305602228278213_8284612857826436509_n-768x544.jpg 768w\" sizes=\"(max-width: 1200px) 100vw, 1200px\" \/><\/figure>\n\n\n\n<figure class=\"wp-block-image size-large\"><img loading=\"lazy\" width=\"1200\" height=\"850\" data-id=\"8287\"  src=\"https:\/\/consultoriamit.com\/wp-content\/uploads\/2026\/02\/585352776_1305602404944862_51876161072718312_n.jpg\" alt=\"\" class=\"wp-image-8287\" srcset=\"https:\/\/consultoriamit.com\/wp-content\/uploads\/2026\/02\/585352776_1305602404944862_51876161072718312_n.jpg 1200w, https:\/\/consultoriamit.com\/wp-content\/uploads\/2026\/02\/585352776_1305602404944862_51876161072718312_n-300x213.jpg 300w, https:\/\/consultoriamit.com\/wp-content\/uploads\/2026\/02\/585352776_1305602404944862_51876161072718312_n-1024x725.jpg 1024w, https:\/\/consultoriamit.com\/wp-content\/uploads\/2026\/02\/585352776_1305602404944862_51876161072718312_n-768x544.jpg 768w\" sizes=\"(max-width: 1200px) 100vw, 1200px\" \/><\/figure>\n\n\n\n<figure class=\"wp-block-image size-large\"><img loading=\"lazy\" width=\"1200\" height=\"850\" data-id=\"8289\"  src=\"https:\/\/consultoriamit.com\/wp-content\/uploads\/2026\/02\/585660668_1305602268278209_3948980924251964068_n.jpg\" alt=\"\" class=\"wp-image-8289\" srcset=\"https:\/\/consultoriamit.com\/wp-content\/uploads\/2026\/02\/585660668_1305602268278209_3948980924251964068_n.jpg 1200w, https:\/\/consultoriamit.com\/wp-content\/uploads\/2026\/02\/585660668_1305602268278209_3948980924251964068_n-300x213.jpg 300w, https:\/\/consultoriamit.com\/wp-content\/uploads\/2026\/02\/585660668_1305602268278209_3948980924251964068_n-1024x725.jpg 1024w, https:\/\/consultoriamit.com\/wp-content\/uploads\/2026\/02\/585660668_1305602268278209_3948980924251964068_n-768x544.jpg 768w\" sizes=\"(max-width: 1200px) 100vw, 1200px\" \/><\/figure>\n<\/figure>\n","protected":false},"excerpt":{"rendered":"<p>Hace unos meses, desde Consultoria Mit tuvimos la oportunidad de acompa\u00f1ar al Ayuntamiento de Badia del Vall\u00e8s en la redacci\u00f3n de su Protocolo de duelo por feminicidios y violencia vicaria, una herramienta imprescindible para garantizar una respuesta institucional coordinada, respetuosa y reparadora ante las formas m\u00e1s extremas de violencia machista. El protocolo, aprobado recientemente, es [&hellip;]<\/p>\n","protected":false},"author":12,"featured_media":8302,"comment_status":"open","ping_status":"open","sticky":false,"template":"","format":"standard","meta":[],"categories":[739,367,362,948,891],"tags":[958,959,960,574],"acf":[],"yoast_head":"<!-- This site is optimized with the Yoast SEO plugin v18.5.1 - https:\/\/yoast.com\/wordpress\/plugins\/seo\/ -->\n<title>Badia del Vall\u00e8s aprueba su Protocolo de duelo por feminicidios y violencia vicaria, un proceso que hemos tenido el honor de acompa\u00f1ar &raquo; Consultoria MiT<\/title>\n<meta name=\"robots\" content=\"index, follow, max-snippet:-1, max-image-preview:large, max-video-preview:-1\" \/>\n<link rel=\"canonical\" href=\"https:\/\/consultoriamit.com\/es\/badia-del-valles-aprova-el-seu-protocol-de-dol-per-feminicidis-i-violencia-vicaria-un-proces-que-hem-tingut-lhonor-dacompanyar\/\" \/>\n<meta property=\"og:locale\" content=\"es_ES\" \/>\n<meta property=\"og:type\" content=\"article\" \/>\n<meta property=\"og:title\" content=\"Badia del Vall\u00e8s aprueba su Protocolo de duelo por feminicidios y violencia vicaria, un proceso que hemos tenido el honor de acompa\u00f1ar &raquo; Consultoria MiT\" \/>\n<meta property=\"og:description\" content=\"Hace unos meses, desde Consultoria Mit tuvimos la oportunidad de acompa\u00f1ar al Ayuntamiento de Badia del Vall\u00e8s en la redacci\u00f3n de su Protocolo de duelo por feminicidios y violencia vicaria, una herramienta imprescindible para garantizar una respuesta institucional coordinada, respetuosa y reparadora ante las formas m\u00e1s extremas de violencia machista. El protocolo, aprobado recientemente, es [&hellip;]\" \/>\n<meta property=\"og:url\" content=\"https:\/\/consultoriamit.com\/es\/badia-del-valles-aprova-el-seu-protocol-de-dol-per-feminicidis-i-violencia-vicaria-un-proces-que-hem-tingut-lhonor-dacompanyar\/\" \/>\n<meta property=\"og:site_name\" content=\"Consultoria MiT\" \/>\n<meta property=\"article:published_time\" content=\"2026-02-05T16:39:14+00:00\" \/>\n<meta property=\"article:modified_time\" content=\"2026-02-05T16:44:47+00:00\" \/>\n<meta property=\"og:image\" content=\"https:\/\/consultoriamit.com\/wp-content\/uploads\/2026\/02\/588597506_1305602411611528_45720849543276531_n.jpg\" \/>\n\t<meta property=\"og:image:width\" content=\"1200\" \/>\n\t<meta property=\"og:image:height\" content=\"850\" \/>\n\t<meta property=\"og:image:type\" content=\"image\/jpeg\" \/>\n<meta name=\"twitter:card\" content=\"summary_large_image\" \/>\n<meta name=\"twitter:creator\" content=\"@CONSULTORIAMiT\" \/>\n<meta name=\"twitter:site\" content=\"@CONSULTORIAMiT\" \/>\n<meta name=\"twitter:label1\" content=\"Escrito por\" \/>\n\t<meta name=\"twitter:data1\" content=\"Margarida Almeida\" \/>\n\t<meta name=\"twitter:label2\" content=\"Tiempo de lectura\" \/>\n\t<meta name=\"twitter:data2\" content=\"4 minutos\" \/>\n<script type=\"application\/ld+json\" class=\"yoast-schema-graph\">{\"@context\":\"https:\/\/schema.org\",\"@graph\":[{\"@type\":\"WebSite\",\"@id\":\"https:\/\/consultoriamit.com\/es\/#website\",\"url\":\"https:\/\/consultoriamit.com\/es\/\",\"name\":\"Consultoria Mit\",\"description\":\"Consultoria M\u00e8todes i T\u00e8cniques Aplicades\",\"potentialAction\":[{\"@type\":\"SearchAction\",\"target\":{\"@type\":\"EntryPoint\",\"urlTemplate\":\"https:\/\/consultoriamit.com\/es\/?s={search_term_string}\"},\"query-input\":\"required name=search_term_string\"}],\"inLanguage\":\"es\"},{\"@type\":\"ImageObject\",\"@id\":\"https:\/\/consultoriamit.com\/es\/badia-del-valles-aprova-el-seu-protocol-de-dol-per-feminicidis-i-violencia-vicaria-un-proces-que-hem-tingut-lhonor-dacompanyar\/#primaryimage\",\"inLanguage\":\"es\",\"url\":\"https:\/\/consultoriamit.com\/wp-content\/uploads\/2026\/02\/588597506_1305602411611528_45720849543276531_n.jpg\",\"contentUrl\":\"https:\/\/consultoriamit.com\/wp-content\/uploads\/2026\/02\/588597506_1305602411611528_45720849543276531_n.jpg\",\"width\":1200,\"height\":850},{\"@type\":\"WebPage\",\"@id\":\"https:\/\/consultoriamit.com\/es\/badia-del-valles-aprova-el-seu-protocol-de-dol-per-feminicidis-i-violencia-vicaria-un-proces-que-hem-tingut-lhonor-dacompanyar\/#webpage\",\"url\":\"https:\/\/consultoriamit.com\/es\/badia-del-valles-aprova-el-seu-protocol-de-dol-per-feminicidis-i-violencia-vicaria-un-proces-que-hem-tingut-lhonor-dacompanyar\/\",\"name\":\"Badia del Vall\u00e8s aprueba su Protocolo de duelo por feminicidios y violencia vicaria, un proceso que hemos tenido el honor de acompa\u00f1ar &raquo; Consultoria MiT\",\"isPartOf\":{\"@id\":\"https:\/\/consultoriamit.com\/es\/#website\"},\"primaryImageOfPage\":{\"@id\":\"https:\/\/consultoriamit.com\/es\/badia-del-valles-aprova-el-seu-protocol-de-dol-per-feminicidis-i-violencia-vicaria-un-proces-que-hem-tingut-lhonor-dacompanyar\/#primaryimage\"},\"datePublished\":\"2026-02-05T16:39:14+00:00\",\"dateModified\":\"2026-02-05T16:44:47+00:00\",\"author\":{\"@id\":\"https:\/\/consultoriamit.com\/es\/#\/schema\/person\/e0b8a4e632542afe7d59deaaf48be59a\"},\"breadcrumb\":{\"@id\":\"https:\/\/consultoriamit.com\/es\/badia-del-valles-aprova-el-seu-protocol-de-dol-per-feminicidis-i-violencia-vicaria-un-proces-que-hem-tingut-lhonor-dacompanyar\/#breadcrumb\"},\"inLanguage\":\"es\",\"potentialAction\":[{\"@type\":\"ReadAction\",\"target\":[\"https:\/\/consultoriamit.com\/es\/badia-del-valles-aprova-el-seu-protocol-de-dol-per-feminicidis-i-violencia-vicaria-un-proces-que-hem-tingut-lhonor-dacompanyar\/\"]}]},{\"@type\":\"BreadcrumbList\",\"@id\":\"https:\/\/consultoriamit.com\/es\/badia-del-valles-aprova-el-seu-protocol-de-dol-per-feminicidis-i-violencia-vicaria-un-proces-que-hem-tingut-lhonor-dacompanyar\/#breadcrumb\",\"itemListElement\":[{\"@type\":\"ListItem\",\"position\":1,\"name\":\"Inici\",\"item\":\"https:\/\/consultoriamit.com\/es\/inicio\/\"},{\"@type\":\"ListItem\",\"position\":2,\"name\":\"Badia del Vall\u00e8s aprueba su Protocolo de duelo por feminicidios y violencia vicaria, un proceso que hemos tenido el honor de acompa\u00f1ar\"}]},{\"@type\":\"Person\",\"@id\":\"https:\/\/consultoriamit.com\/es\/#\/schema\/person\/e0b8a4e632542afe7d59deaaf48be59a\",\"name\":\"Margarida Almeida\",\"image\":{\"@type\":\"ImageObject\",\"@id\":\"https:\/\/consultoriamit.com\/es\/#personlogo\",\"inLanguage\":\"es\",\"url\":\"https:\/\/secure.gravatar.com\/avatar\/4a66d51d83f64277b0364758ea790d65?s=96&d=mm&r=g\",\"contentUrl\":\"https:\/\/secure.gravatar.com\/avatar\/4a66d51d83f64277b0364758ea790d65?s=96&d=mm&r=g\",\"caption\":\"Margarida Almeida\"}}]}<\/script>\n<!-- \/ Yoast SEO plugin. -->","yoast_head_json":{"title":"Badia del Vall\u00e8s aprueba su Protocolo de duelo por feminicidios y violencia vicaria, un proceso que hemos tenido el honor de acompa\u00f1ar &raquo; Consultoria MiT","robots":{"index":"index","follow":"follow","max-snippet":"max-snippet:-1","max-image-preview":"max-image-preview:large","max-video-preview":"max-video-preview:-1"},"canonical":"https:\/\/consultoriamit.com\/es\/badia-del-valles-aprova-el-seu-protocol-de-dol-per-feminicidis-i-violencia-vicaria-un-proces-que-hem-tingut-lhonor-dacompanyar\/","og_locale":"es_ES","og_type":"article","og_title":"Badia del Vall\u00e8s aprueba su Protocolo de duelo por feminicidios y violencia vicaria, un proceso que hemos tenido el honor de acompa\u00f1ar &raquo; Consultoria MiT","og_description":"Hace unos meses, desde Consultoria Mit tuvimos la oportunidad de acompa\u00f1ar al Ayuntamiento de Badia del Vall\u00e8s en la redacci\u00f3n de su Protocolo de duelo por feminicidios y violencia vicaria, una herramienta imprescindible para garantizar una respuesta institucional coordinada, respetuosa y reparadora ante las formas m\u00e1s extremas de violencia machista. El protocolo, aprobado recientemente, es [&hellip;]","og_url":"https:\/\/consultoriamit.com\/es\/badia-del-valles-aprova-el-seu-protocol-de-dol-per-feminicidis-i-violencia-vicaria-un-proces-que-hem-tingut-lhonor-dacompanyar\/","og_site_name":"Consultoria MiT","article_published_time":"2026-02-05T16:39:14+00:00","article_modified_time":"2026-02-05T16:44:47+00:00","og_image":[{"width":1200,"height":850,"url":"https:\/\/consultoriamit.com\/wp-content\/uploads\/2026\/02\/588597506_1305602411611528_45720849543276531_n.jpg","type":"image\/jpeg"}],"twitter_card":"summary_large_image","twitter_creator":"@CONSULTORIAMiT","twitter_site":"@CONSULTORIAMiT","twitter_misc":{"Escrito por":"Margarida Almeida","Tiempo de lectura":"4 minutos"},"schema":{"@context":"https:\/\/schema.org","@graph":[{"@type":"WebSite","@id":"https:\/\/consultoriamit.com\/es\/#website","url":"https:\/\/consultoriamit.com\/es\/","name":"Consultoria Mit","description":"Consultoria M\u00e8todes i T\u00e8cniques Aplicades","potentialAction":[{"@type":"SearchAction","target":{"@type":"EntryPoint","urlTemplate":"https:\/\/consultoriamit.com\/es\/?s={search_term_string}"},"query-input":"required name=search_term_string"}],"inLanguage":"es"},{"@type":"ImageObject","@id":"https:\/\/consultoriamit.com\/es\/badia-del-valles-aprova-el-seu-protocol-de-dol-per-feminicidis-i-violencia-vicaria-un-proces-que-hem-tingut-lhonor-dacompanyar\/#primaryimage","inLanguage":"es","url":"https:\/\/consultoriamit.com\/wp-content\/uploads\/2026\/02\/588597506_1305602411611528_45720849543276531_n.jpg","contentUrl":"https:\/\/consultoriamit.com\/wp-content\/uploads\/2026\/02\/588597506_1305602411611528_45720849543276531_n.jpg","width":1200,"height":850},{"@type":"WebPage","@id":"https:\/\/consultoriamit.com\/es\/badia-del-valles-aprova-el-seu-protocol-de-dol-per-feminicidis-i-violencia-vicaria-un-proces-que-hem-tingut-lhonor-dacompanyar\/#webpage","url":"https:\/\/consultoriamit.com\/es\/badia-del-valles-aprova-el-seu-protocol-de-dol-per-feminicidis-i-violencia-vicaria-un-proces-que-hem-tingut-lhonor-dacompanyar\/","name":"Badia del Vall\u00e8s aprueba su Protocolo de duelo por feminicidios y violencia vicaria, un proceso que hemos tenido el honor de acompa\u00f1ar &raquo; Consultoria MiT","isPartOf":{"@id":"https:\/\/consultoriamit.com\/es\/#website"},"primaryImageOfPage":{"@id":"https:\/\/consultoriamit.com\/es\/badia-del-valles-aprova-el-seu-protocol-de-dol-per-feminicidis-i-violencia-vicaria-un-proces-que-hem-tingut-lhonor-dacompanyar\/#primaryimage"},"datePublished":"2026-02-05T16:39:14+00:00","dateModified":"2026-02-05T16:44:47+00:00","author":{"@id":"https:\/\/consultoriamit.com\/es\/#\/schema\/person\/e0b8a4e632542afe7d59deaaf48be59a"},"breadcrumb":{"@id":"https:\/\/consultoriamit.com\/es\/badia-del-valles-aprova-el-seu-protocol-de-dol-per-feminicidis-i-violencia-vicaria-un-proces-que-hem-tingut-lhonor-dacompanyar\/#breadcrumb"},"inLanguage":"es","potentialAction":[{"@type":"ReadAction","target":["https:\/\/consultoriamit.com\/es\/badia-del-valles-aprova-el-seu-protocol-de-dol-per-feminicidis-i-violencia-vicaria-un-proces-que-hem-tingut-lhonor-dacompanyar\/"]}]},{"@type":"BreadcrumbList","@id":"https:\/\/consultoriamit.com\/es\/badia-del-valles-aprova-el-seu-protocol-de-dol-per-feminicidis-i-violencia-vicaria-un-proces-que-hem-tingut-lhonor-dacompanyar\/#breadcrumb","itemListElement":[{"@type":"ListItem","position":1,"name":"Inici","item":"https:\/\/consultoriamit.com\/es\/inicio\/"},{"@type":"ListItem","position":2,"name":"Badia del Vall\u00e8s aprueba su Protocolo de duelo por feminicidios y violencia vicaria, un proceso que hemos tenido el honor de acompa\u00f1ar"}]},{"@type":"Person","@id":"https:\/\/consultoriamit.com\/es\/#\/schema\/person\/e0b8a4e632542afe7d59deaaf48be59a","name":"Margarida Almeida","image":{"@type":"ImageObject","@id":"https:\/\/consultoriamit.com\/es\/#personlogo","inLanguage":"es","url":"https:\/\/secure.gravatar.com\/avatar\/4a66d51d83f64277b0364758ea790d65?s=96&d=mm&r=g","contentUrl":"https:\/\/secure.gravatar.com\/avatar\/4a66d51d83f64277b0364758ea790d65?s=96&d=mm&r=g","caption":"Margarida Almeida"}}]}},"_links":{"self":[{"href":"https:\/\/consultoriamit.com\/es\/wp-json\/wp\/v2\/posts\/8307"}],"collection":[{"href":"https:\/\/consultoriamit.com\/es\/wp-json\/wp\/v2\/posts"}],"about":[{"href":"https:\/\/consultoriamit.com\/es\/wp-json\/wp\/v2\/types\/post"}],"author":[{"embeddable":true,"href":"https:\/\/consultoriamit.com\/es\/wp-json\/wp\/v2\/users\/12"}],"replies":[{"embeddable":true,"href":"https:\/\/consultoriamit.com\/es\/wp-json\/wp\/v2\/comments?post=8307"}],"version-history":[{"count":2,"href":"https:\/\/consultoriamit.com\/es\/wp-json\/wp\/v2\/posts\/8307\/revisions"}],"predecessor-version":[{"id":8311,"href":"https:\/\/consultoriamit.com\/es\/wp-json\/wp\/v2\/posts\/8307\/revisions\/8311"}],"wp:featuredmedia":[{"embeddable":true,"href":"https:\/\/consultoriamit.com\/es\/wp-json\/wp\/v2\/media\/8302"}],"wp:attachment":[{"href":"https:\/\/consultoriamit.com\/es\/wp-json\/wp\/v2\/media?parent=8307"}],"wp:term":[{"taxonomy":"category","embeddable":true,"href":"https:\/\/consultoriamit.com\/es\/wp-json\/wp\/v2\/categories?post=8307"},{"taxonomy":"post_tag","embeddable":true,"href":"https:\/\/consultoriamit.com\/es\/wp-json\/wp\/v2\/tags?post=8307"}],"curies":[{"name":"wp","href":"https:\/\/api.w.org\/{rel}","templated":true}]}}