{"id":8352,"date":"2026-02-26T13:57:27","date_gmt":"2026-02-26T12:57:27","guid":{"rendered":"https:\/\/consultoriamit.com\/?p=8352"},"modified":"2026-02-26T14:08:44","modified_gmt":"2026-02-26T13:08:44","slug":"un-nou-paradigma-per-al-sector-turistic-per-que-ara-es-el-moment-dactuar-i-com-thi-acompanyem-des-de-mit","status":"publish","type":"post","link":"https:\/\/consultoriamit.com\/es\/un-nou-paradigma-per-al-sector-turistic-per-que-ara-es-el-moment-dactuar-i-com-thi-acompanyem-des-de-mit\/","title":{"rendered":"Un nuevo paradigma para el sector tur\u00edstico: por qu\u00e9 ahora es el momento de actuar (y c\u00f3mo te acompa\u00f1amos desde MiT)"},"content":{"rendered":"\n<p>El sector tur\u00edstico est\u00e1 viviendo un momento clave. Las empresas y las administraciones p\u00fablicas que trabajan en \u00e9l saben que la competitividad ya no depende solo de la oferta, la calidad del servicio o la innovaci\u00f3n tecnol\u00f3gica. Hoy, la diferencia la marca la capacidad de incorporar la perspectiva de g\u00e9nero, la diversidad y la inclusi\u00f3n en todos los procesos, servicios y experiencias.<\/p>\n\n\n\n<p><br>Este cambio de paradigma es profundo e irreversible. El turismo que quiere liderar el futuro debe avanzar hacia modelos m\u00e1s justos, sostenibles e igualitarios, capaces de garantizar entornos seguros y experiencias respetuosas para todas las personas. En MiT lo constatamos cada d\u00eda: las organizaciones que integran esta mirada no solo mejoran su calidad y reputaci\u00f3n, sino que tambi\u00e9n refuerzan su competitividad y responden a las expectativas de un turismo global m\u00e1s consciente.<\/p>\n\n\n\n<figure class=\"wp-block-image size-large\"><img loading=\"lazy\" width=\"1024\" height=\"472\" src=\"https:\/\/consultoriamit.com\/wp-content\/uploads\/2026\/02\/WhatsApp-Image-2026-02-26-at-13.26.13-1024x472.jpeg\" alt=\"\" class=\"wp-image-8348\" srcset=\"https:\/\/consultoriamit.com\/wp-content\/uploads\/2026\/02\/WhatsApp-Image-2026-02-26-at-13.26.13-1024x472.jpeg 1024w, https:\/\/consultoriamit.com\/wp-content\/uploads\/2026\/02\/WhatsApp-Image-2026-02-26-at-13.26.13-300x138.jpeg 300w, https:\/\/consultoriamit.com\/wp-content\/uploads\/2026\/02\/WhatsApp-Image-2026-02-26-at-13.26.13-768x354.jpeg 768w, https:\/\/consultoriamit.com\/wp-content\/uploads\/2026\/02\/WhatsApp-Image-2026-02-26-at-13.26.13-1536x708.jpeg 1536w, https:\/\/consultoriamit.com\/wp-content\/uploads\/2026\/02\/WhatsApp-Image-2026-02-26-at-13.26.13.jpeg 1600w\" sizes=\"(max-width: 1024px) 100vw, 1024px\" \/><\/figure>\n\n\n\n<h2>Las dos formaciones del ciclo #formaci\u00f3turismecat<\/h2>\n\n\n\n<p>Estas sesiones forman parte del ciclo formativo impulsado por el Departamento de Empresa y Trabajo de la Generalitat de Catalunya, en colaboraci\u00f3n con Eurecat Academy, a trav\u00e9s del programa #formaci\u00f3turismecat.<br>Un conjunto de propuestas pensadas para reforzar la sostenibilidad, la calidad y la responsabilidad social del turismo en todo el territorio.<\/p>\n\n\n\n<p>En este marco, Blanca Moreno Triguero, directora de la Consultor\u00eda MiT, imparte dos formaciones centradas en la igualdad y la prevenci\u00f3n de violencias, \u00e1mbitos imprescindibles para garantizar entornos seguros, inclusivos y competitivos.<\/p>\n\n\n\n<p>\ud83d\udfe3 <strong>C\u00f3mo te ayuda el Plan de Igualdad a hacer atractivo el establecimiento tur\u00edstico<\/strong><br>\ud83d\udcc5 11 de febrero, de 10 a 12 h<br>\ud83d\udcbb Streaming<br>\u274c Inscripciones cerradas<br>Una sesi\u00f3n que aborda c\u00f3mo la igualdad y la gesti\u00f3n de la diversidad refuerzan la marca empleadora y la confianza de la clientela.<\/p>\n\n\n\n<p>\ud83d\udfe3 <strong>C\u00f3mo prevenir y tratar situaciones de acoso en el turismo<\/strong><br>\ud83d\udcc5 25 de febrero, de 10 a 12 h<br>\ud83d\udcbb Streaming<br>\u274c Inscripciones cerradas<\/p>\n\n\n\n<p><br>Una formaci\u00f3n pr\u00e1ctica para dotar a equipos y establecimientos de criterios claros, herramientas de actuaci\u00f3n y protocolos efectivos ante situaciones de acoso.<\/p>\n\n\n\n<h2>\u00bfPor qu\u00e9 es tan importante incorporar la perspectiva de g\u00e9nero en el turismo?<\/h2>\n\n\n\n<p>Porque el turismo es un sector altamente feminizado, pero con desigualdades persistentes en el \u00e1mbito laboral y, al mismo tiempo, es un sector que interact\u00faa con personas de todo el mundo, con realidades, identidades y necesidades muy diversas. Un turismo que no integra la mirada de g\u00e9nero y diversidad es un turismo que se queda atr\u00e1s.<br>La igualdad, la inclusi\u00f3n y la seguridad son hoy indicadores de calidad tur\u00edstica. No son un extra: son un requisito para garantizar experiencias responsables, competitivas y alineadas con los valores actuales del sector.<\/p>\n\n\n\n<h2>\u00bfQu\u00e9 puede hacer MiT por tu empresa o administraci\u00f3n tur\u00edstica?<\/h2>\n\n\n\n<p>En MiT somos especialistas en acompa\u00f1ar a organizaciones que quieren hacer las cosas bien, con rigor y con impacto real. Ofrecemos soluciones integrales adaptadas a las necesidades del sector tur\u00edstico:<\/p>\n\n\n\n<p><strong>1. Formaciones especializadas para el sector tur\u00edstico<\/strong><\/p>\n\n\n\n<p>Adaptadas a hoteles, oficinas de turismo, empresas de servicios, destinos y administraciones p\u00fablicas.<br>Trabajamos temas como:<\/p>\n\n\n\n<ul><li>Igualdad y diversidad en la atenci\u00f3n al p\u00fablico<\/li><li>Prevenci\u00f3n de violencias machistas en entornos tur\u00edsticos<\/li><li>Comunicaci\u00f3n inclusiva y no sexista<\/li><li>Liderazgo y equipos diversos<\/li><li>Turismo seguro y accesible<\/li><\/ul>\n\n\n\n<p><strong>2. Diagn\u00f3stico y planes de igualdad adaptados al sector<\/strong><\/p>\n\n\n\n<p>Con una mirada realista, aplicable y alineada con la normativa vigente.<br>Detectamos necesidades, definimos objetivos y proponemos acciones que funcionan.<\/p>\n\n\n\n<p><strong>3. Protocolos de prevenci\u00f3n y actuaci\u00f3n ante el acoso<\/strong><\/p>\n\n\n\n<p>Una herramienta imprescindible en un sector con alta interacci\u00f3n con personas usuarias y con equipos muy diversos.<\/p>\n\n\n\n<p><strong>4. Acompa\u00f1amiento estrat\u00e9gico en comunicaci\u00f3n inclusiva<\/strong><\/p>\n\n\n\n<p>Porque la manera en que comunicas tambi\u00e9n construye experiencias tur\u00edsticas.<br>Te ayudamos a revisar mensajes, im\u00e1genes, campa\u00f1as y narrativas para que sean coherentes, respetuosas y alineadas con los valores actuales del sector.<\/p>\n\n\n\n<p><strong>5. Proyectos a medida para administraciones p\u00fablicas<\/strong><\/p>\n\n\n\n<p>Desde programas formativos hasta estrategias de turismo seguro, sostenible y socialmente responsable.<\/p>\n\n\n\n<h2><strong>El sector tur\u00edstico est\u00e1 cambiando. \u00bfQuieres formar parte?<\/strong><\/h2>\n\n\n\n<p>Si eres una empresa, un destino tur\u00edstico o una administraci\u00f3n p\u00fablica y quieres dar un paso adelante, este es el momento.<br>Las formaciones que estamos impartiendo por Catalu\u00f1a son solo un ejemplo de lo que podemos hacer juntas.<\/p>\n\n\n\n<p>\ud83d\udc49 \u00bfQuieres saber c\u00f3mo podemos ayudarte? Hablemos.<br>\ud83d\udc49 \u00bfQuieres que formemos a tu equipo? Te explicamos c\u00f3mo.<br>\ud83d\udc49 \u00bfQuieres incorporar la perspectiva de g\u00e9nero a tu proyecto tur\u00edstico? Te acompa\u00f1amos.<\/p>\n\n\n\n<p>El turismo del futuro ser\u00e1 m\u00e1s igualitario, m\u00e1s seguro y m\u00e1s responsable.<\/p>\n\n\n\n<p><br>En MiT trabajamos para que llegues a \u00e9l con garant\u00edas.<\/p>\n","protected":false},"excerpt":{"rendered":"<p>El sector tur\u00edstico est\u00e1 viviendo un momento clave. Las empresas y las administraciones p\u00fablicas que trabajan en \u00e9l saben que la competitividad ya no depende solo de la oferta, la calidad del servicio o la innovaci\u00f3n tecnol\u00f3gica. Hoy, la diferencia la marca la capacidad de incorporar la perspectiva de g\u00e9nero, la diversidad y la inclusi\u00f3n [&hellip;]<\/p>\n","protected":false},"author":12,"featured_media":8351,"comment_status":"open","ping_status":"open","sticky":false,"template":"","format":"standard","meta":[],"categories":[607,367,970],"tags":[578,595,971],"acf":[],"yoast_head":"<!-- This site is optimized with the Yoast SEO plugin v18.5.1 - https:\/\/yoast.com\/wordpress\/plugins\/seo\/ -->\n<title>Un nuevo paradigma para el sector tur\u00edstico: por qu\u00e9 ahora es el momento de actuar (y c\u00f3mo te acompa\u00f1amos desde MiT) &raquo; Consultoria MiT<\/title>\n<meta name=\"robots\" content=\"index, follow, max-snippet:-1, max-image-preview:large, max-video-preview:-1\" \/>\n<link rel=\"canonical\" href=\"https:\/\/consultoriamit.com\/es\/un-nou-paradigma-per-al-sector-turistic-per-que-ara-es-el-moment-dactuar-i-com-thi-acompanyem-des-de-mit\/\" \/>\n<meta property=\"og:locale\" content=\"es_ES\" \/>\n<meta property=\"og:type\" content=\"article\" \/>\n<meta property=\"og:title\" content=\"Un nuevo paradigma para el sector tur\u00edstico: por qu\u00e9 ahora es el momento de actuar (y c\u00f3mo te acompa\u00f1amos desde MiT) &raquo; Consultoria MiT\" \/>\n<meta property=\"og:description\" content=\"El sector tur\u00edstico est\u00e1 viviendo un momento clave. Las empresas y las administraciones p\u00fablicas que trabajan en \u00e9l saben que la competitividad ya no depende solo de la oferta, la calidad del servicio o la innovaci\u00f3n tecnol\u00f3gica. Hoy, la diferencia la marca la capacidad de incorporar la perspectiva de g\u00e9nero, la diversidad y la inclusi\u00f3n [&hellip;]\" \/>\n<meta property=\"og:url\" content=\"https:\/\/consultoriamit.com\/es\/un-nou-paradigma-per-al-sector-turistic-per-que-ara-es-el-moment-dactuar-i-com-thi-acompanyem-des-de-mit\/\" \/>\n<meta property=\"og:site_name\" content=\"Consultoria MiT\" \/>\n<meta property=\"article:published_time\" content=\"2026-02-26T12:57:27+00:00\" \/>\n<meta property=\"article:modified_time\" content=\"2026-02-26T13:08:44+00:00\" \/>\n<meta property=\"og:image\" content=\"https:\/\/consultoriamit.com\/wp-content\/uploads\/2026\/02\/arxiu.jpeg\" \/>\n\t<meta property=\"og:image:width\" content=\"1600\" \/>\n\t<meta property=\"og:image:height\" content=\"1066\" \/>\n\t<meta property=\"og:image:type\" content=\"image\/jpeg\" \/>\n<meta name=\"twitter:card\" content=\"summary_large_image\" \/>\n<meta name=\"twitter:creator\" content=\"@CONSULTORIAMiT\" \/>\n<meta name=\"twitter:site\" content=\"@CONSULTORIAMiT\" \/>\n<meta name=\"twitter:label1\" content=\"Escrito por\" \/>\n\t<meta name=\"twitter:data1\" content=\"Margarida Almeida\" \/>\n\t<meta name=\"twitter:label2\" content=\"Tiempo de lectura\" \/>\n\t<meta name=\"twitter:data2\" content=\"5 minutos\" \/>\n<script type=\"application\/ld+json\" class=\"yoast-schema-graph\">{\"@context\":\"https:\/\/schema.org\",\"@graph\":[{\"@type\":\"WebSite\",\"@id\":\"https:\/\/consultoriamit.com\/es\/#website\",\"url\":\"https:\/\/consultoriamit.com\/es\/\",\"name\":\"Consultoria Mit\",\"description\":\"Consultoria M\u00e8todes i T\u00e8cniques Aplicades\",\"potentialAction\":[{\"@type\":\"SearchAction\",\"target\":{\"@type\":\"EntryPoint\",\"urlTemplate\":\"https:\/\/consultoriamit.com\/es\/?s={search_term_string}\"},\"query-input\":\"required name=search_term_string\"}],\"inLanguage\":\"es\"},{\"@type\":\"ImageObject\",\"@id\":\"https:\/\/consultoriamit.com\/es\/un-nou-paradigma-per-al-sector-turistic-per-que-ara-es-el-moment-dactuar-i-com-thi-acompanyem-des-de-mit\/#primaryimage\",\"inLanguage\":\"es\",\"url\":\"https:\/\/consultoriamit.com\/wp-content\/uploads\/2026\/02\/arxiu.jpeg\",\"contentUrl\":\"https:\/\/consultoriamit.com\/wp-content\/uploads\/2026\/02\/arxiu.jpeg\",\"width\":1600,\"height\":1066},{\"@type\":\"WebPage\",\"@id\":\"https:\/\/consultoriamit.com\/es\/un-nou-paradigma-per-al-sector-turistic-per-que-ara-es-el-moment-dactuar-i-com-thi-acompanyem-des-de-mit\/#webpage\",\"url\":\"https:\/\/consultoriamit.com\/es\/un-nou-paradigma-per-al-sector-turistic-per-que-ara-es-el-moment-dactuar-i-com-thi-acompanyem-des-de-mit\/\",\"name\":\"Un nuevo paradigma para el sector tur\u00edstico: por qu\u00e9 ahora es el momento de actuar (y c\u00f3mo te acompa\u00f1amos desde MiT) &raquo; Consultoria MiT\",\"isPartOf\":{\"@id\":\"https:\/\/consultoriamit.com\/es\/#website\"},\"primaryImageOfPage\":{\"@id\":\"https:\/\/consultoriamit.com\/es\/un-nou-paradigma-per-al-sector-turistic-per-que-ara-es-el-moment-dactuar-i-com-thi-acompanyem-des-de-mit\/#primaryimage\"},\"datePublished\":\"2026-02-26T12:57:27+00:00\",\"dateModified\":\"2026-02-26T13:08:44+00:00\",\"author\":{\"@id\":\"https:\/\/consultoriamit.com\/es\/#\/schema\/person\/e0b8a4e632542afe7d59deaaf48be59a\"},\"breadcrumb\":{\"@id\":\"https:\/\/consultoriamit.com\/es\/un-nou-paradigma-per-al-sector-turistic-per-que-ara-es-el-moment-dactuar-i-com-thi-acompanyem-des-de-mit\/#breadcrumb\"},\"inLanguage\":\"es\",\"potentialAction\":[{\"@type\":\"ReadAction\",\"target\":[\"https:\/\/consultoriamit.com\/es\/un-nou-paradigma-per-al-sector-turistic-per-que-ara-es-el-moment-dactuar-i-com-thi-acompanyem-des-de-mit\/\"]}]},{\"@type\":\"BreadcrumbList\",\"@id\":\"https:\/\/consultoriamit.com\/es\/un-nou-paradigma-per-al-sector-turistic-per-que-ara-es-el-moment-dactuar-i-com-thi-acompanyem-des-de-mit\/#breadcrumb\",\"itemListElement\":[{\"@type\":\"ListItem\",\"position\":1,\"name\":\"Inici\",\"item\":\"https:\/\/consultoriamit.com\/es\/inicio\/\"},{\"@type\":\"ListItem\",\"position\":2,\"name\":\"Un nuevo paradigma para el sector tur\u00edstico: por qu\u00e9 ahora es el momento de actuar (y c\u00f3mo te acompa\u00f1amos desde MiT)\"}]},{\"@type\":\"Person\",\"@id\":\"https:\/\/consultoriamit.com\/es\/#\/schema\/person\/e0b8a4e632542afe7d59deaaf48be59a\",\"name\":\"Margarida Almeida\",\"image\":{\"@type\":\"ImageObject\",\"@id\":\"https:\/\/consultoriamit.com\/es\/#personlogo\",\"inLanguage\":\"es\",\"url\":\"https:\/\/secure.gravatar.com\/avatar\/4a66d51d83f64277b0364758ea790d65?s=96&d=mm&r=g\",\"contentUrl\":\"https:\/\/secure.gravatar.com\/avatar\/4a66d51d83f64277b0364758ea790d65?s=96&d=mm&r=g\",\"caption\":\"Margarida Almeida\"}}]}<\/script>\n<!-- \/ Yoast SEO plugin. -->","yoast_head_json":{"title":"Un nuevo paradigma para el sector tur\u00edstico: por qu\u00e9 ahora es el momento de actuar (y c\u00f3mo te acompa\u00f1amos desde MiT) &raquo; Consultoria MiT","robots":{"index":"index","follow":"follow","max-snippet":"max-snippet:-1","max-image-preview":"max-image-preview:large","max-video-preview":"max-video-preview:-1"},"canonical":"https:\/\/consultoriamit.com\/es\/un-nou-paradigma-per-al-sector-turistic-per-que-ara-es-el-moment-dactuar-i-com-thi-acompanyem-des-de-mit\/","og_locale":"es_ES","og_type":"article","og_title":"Un nuevo paradigma para el sector tur\u00edstico: por qu\u00e9 ahora es el momento de actuar (y c\u00f3mo te acompa\u00f1amos desde MiT) &raquo; Consultoria MiT","og_description":"El sector tur\u00edstico est\u00e1 viviendo un momento clave. Las empresas y las administraciones p\u00fablicas que trabajan en \u00e9l saben que la competitividad ya no depende solo de la oferta, la calidad del servicio o la innovaci\u00f3n tecnol\u00f3gica. Hoy, la diferencia la marca la capacidad de incorporar la perspectiva de g\u00e9nero, la diversidad y la inclusi\u00f3n [&hellip;]","og_url":"https:\/\/consultoriamit.com\/es\/un-nou-paradigma-per-al-sector-turistic-per-que-ara-es-el-moment-dactuar-i-com-thi-acompanyem-des-de-mit\/","og_site_name":"Consultoria MiT","article_published_time":"2026-02-26T12:57:27+00:00","article_modified_time":"2026-02-26T13:08:44+00:00","og_image":[{"width":1600,"height":1066,"url":"https:\/\/consultoriamit.com\/wp-content\/uploads\/2026\/02\/arxiu.jpeg","type":"image\/jpeg"}],"twitter_card":"summary_large_image","twitter_creator":"@CONSULTORIAMiT","twitter_site":"@CONSULTORIAMiT","twitter_misc":{"Escrito por":"Margarida Almeida","Tiempo de lectura":"5 minutos"},"schema":{"@context":"https:\/\/schema.org","@graph":[{"@type":"WebSite","@id":"https:\/\/consultoriamit.com\/es\/#website","url":"https:\/\/consultoriamit.com\/es\/","name":"Consultoria Mit","description":"Consultoria M\u00e8todes i T\u00e8cniques Aplicades","potentialAction":[{"@type":"SearchAction","target":{"@type":"EntryPoint","urlTemplate":"https:\/\/consultoriamit.com\/es\/?s={search_term_string}"},"query-input":"required name=search_term_string"}],"inLanguage":"es"},{"@type":"ImageObject","@id":"https:\/\/consultoriamit.com\/es\/un-nou-paradigma-per-al-sector-turistic-per-que-ara-es-el-moment-dactuar-i-com-thi-acompanyem-des-de-mit\/#primaryimage","inLanguage":"es","url":"https:\/\/consultoriamit.com\/wp-content\/uploads\/2026\/02\/arxiu.jpeg","contentUrl":"https:\/\/consultoriamit.com\/wp-content\/uploads\/2026\/02\/arxiu.jpeg","width":1600,"height":1066},{"@type":"WebPage","@id":"https:\/\/consultoriamit.com\/es\/un-nou-paradigma-per-al-sector-turistic-per-que-ara-es-el-moment-dactuar-i-com-thi-acompanyem-des-de-mit\/#webpage","url":"https:\/\/consultoriamit.com\/es\/un-nou-paradigma-per-al-sector-turistic-per-que-ara-es-el-moment-dactuar-i-com-thi-acompanyem-des-de-mit\/","name":"Un nuevo paradigma para el sector tur\u00edstico: por qu\u00e9 ahora es el momento de actuar (y c\u00f3mo te acompa\u00f1amos desde MiT) &raquo; Consultoria MiT","isPartOf":{"@id":"https:\/\/consultoriamit.com\/es\/#website"},"primaryImageOfPage":{"@id":"https:\/\/consultoriamit.com\/es\/un-nou-paradigma-per-al-sector-turistic-per-que-ara-es-el-moment-dactuar-i-com-thi-acompanyem-des-de-mit\/#primaryimage"},"datePublished":"2026-02-26T12:57:27+00:00","dateModified":"2026-02-26T13:08:44+00:00","author":{"@id":"https:\/\/consultoriamit.com\/es\/#\/schema\/person\/e0b8a4e632542afe7d59deaaf48be59a"},"breadcrumb":{"@id":"https:\/\/consultoriamit.com\/es\/un-nou-paradigma-per-al-sector-turistic-per-que-ara-es-el-moment-dactuar-i-com-thi-acompanyem-des-de-mit\/#breadcrumb"},"inLanguage":"es","potentialAction":[{"@type":"ReadAction","target":["https:\/\/consultoriamit.com\/es\/un-nou-paradigma-per-al-sector-turistic-per-que-ara-es-el-moment-dactuar-i-com-thi-acompanyem-des-de-mit\/"]}]},{"@type":"BreadcrumbList","@id":"https:\/\/consultoriamit.com\/es\/un-nou-paradigma-per-al-sector-turistic-per-que-ara-es-el-moment-dactuar-i-com-thi-acompanyem-des-de-mit\/#breadcrumb","itemListElement":[{"@type":"ListItem","position":1,"name":"Inici","item":"https:\/\/consultoriamit.com\/es\/inicio\/"},{"@type":"ListItem","position":2,"name":"Un nuevo paradigma para el sector tur\u00edstico: por qu\u00e9 ahora es el momento de actuar (y c\u00f3mo te acompa\u00f1amos desde MiT)"}]},{"@type":"Person","@id":"https:\/\/consultoriamit.com\/es\/#\/schema\/person\/e0b8a4e632542afe7d59deaaf48be59a","name":"Margarida Almeida","image":{"@type":"ImageObject","@id":"https:\/\/consultoriamit.com\/es\/#personlogo","inLanguage":"es","url":"https:\/\/secure.gravatar.com\/avatar\/4a66d51d83f64277b0364758ea790d65?s=96&d=mm&r=g","contentUrl":"https:\/\/secure.gravatar.com\/avatar\/4a66d51d83f64277b0364758ea790d65?s=96&d=mm&r=g","caption":"Margarida Almeida"}}]}},"_links":{"self":[{"href":"https:\/\/consultoriamit.com\/es\/wp-json\/wp\/v2\/posts\/8352"}],"collection":[{"href":"https:\/\/consultoriamit.com\/es\/wp-json\/wp\/v2\/posts"}],"about":[{"href":"https:\/\/consultoriamit.com\/es\/wp-json\/wp\/v2\/types\/post"}],"author":[{"embeddable":true,"href":"https:\/\/consultoriamit.com\/es\/wp-json\/wp\/v2\/users\/12"}],"replies":[{"embeddable":true,"href":"https:\/\/consultoriamit.com\/es\/wp-json\/wp\/v2\/comments?post=8352"}],"version-history":[{"count":2,"href":"https:\/\/consultoriamit.com\/es\/wp-json\/wp\/v2\/posts\/8352\/revisions"}],"predecessor-version":[{"id":8356,"href":"https:\/\/consultoriamit.com\/es\/wp-json\/wp\/v2\/posts\/8352\/revisions\/8356"}],"wp:featuredmedia":[{"embeddable":true,"href":"https:\/\/consultoriamit.com\/es\/wp-json\/wp\/v2\/media\/8351"}],"wp:attachment":[{"href":"https:\/\/consultoriamit.com\/es\/wp-json\/wp\/v2\/media?parent=8352"}],"wp:term":[{"taxonomy":"category","embeddable":true,"href":"https:\/\/consultoriamit.com\/es\/wp-json\/wp\/v2\/categories?post=8352"},{"taxonomy":"post_tag","embeddable":true,"href":"https:\/\/consultoriamit.com\/es\/wp-json\/wp\/v2\/tags?post=8352"}],"curies":[{"name":"wp","href":"https:\/\/api.w.org\/{rel}","templated":true}]}}