{"id":8495,"date":"2026-09-02T12:32:49","date_gmt":"2026-09-02T10:32:49","guid":{"rendered":"https:\/\/consultoriamit.com\/mit-condueix-el-congres-internacional-durbanisme-i-genere-dos-dies-per-repensar-les-ciutats-des-de-la-vida\/"},"modified":"2026-09-02T12:52:52","modified_gmt":"2026-09-02T10:52:52","slug":"mit-condueix-el-congres-internacional-durbanisme-i-genere-dos-dies-per-repensar-les-ciutats-des-de-la-vida","status":"publish","type":"post","link":"https:\/\/consultoriamit.com\/es\/mit-condueix-el-congres-internacional-durbanisme-i-genere-dos-dies-per-repensar-les-ciutats-des-de-la-vida\/","title":{"rendered":"MiT conduce el Congreso Internacional de Urbanismo y G\u00e9nero: dos d\u00edas para repensar las ciudades desde la vida"},"content":{"rendered":"\n<p>Los pasados <strong>2 y 3 de julio<\/strong> tuvo lugar el <strong>Congreso Internacional de Urbanismo y G\u00e9nero<\/strong>, un encuentro de referencia impulsado por la Diputaci\u00f3n de Barcelona que reuni\u00f3 a expertas, profesionales y responsables p\u00fablicos para reflexionar sobre c\u00f3mo incorporar la perspectiva feminista en la planificaci\u00f3n urbana. Durante dos jornadas intensas, el congreso situ\u00f3 en el centro una idea fundamental: <strong>las ciudades pueden \u2014y deben\u2014 ser espacios m\u00e1s justos, inclusivos y sostenibles<\/strong>.<\/p>\n\n\n\n<p>La directora de MiT Consultoria, <strong>Blanca Moreno<\/strong>, tuvo el honor de conducir el congreso durante ambos d\u00edas, dinamizando las sesiones, facilitando los debates y aportando una mirada experta sobre c\u00f3mo el urbanismo feminista puede transformar la manera en que dise\u00f1amos, vivimos y nos movemos por las ciudades.<\/p>\n\n\n\n<h2><strong>Urbanismo feminista: una mirada que transforma<\/strong><\/h2>\n\n\n\n<p>El congreso evidenci\u00f3 que incorporar la perspectiva de g\u00e9nero en el urbanismo no es solo una cuesti\u00f3n t\u00e9cnica, sino una apuesta pol\u00edtica y social que implica repensar:<\/p>\n\n\n\n<ul><li>Espacios p\u00fablicos seguros<\/li><li>Movilidad cotidiana y recorridos de cuidado<\/li><li>Equipamientos que sostienen la vida<\/li><li>Participaci\u00f3n comunitaria en la toma de decisiones<\/li><li>Datos con perspectiva de g\u00e9nero para planificar mejor<\/li><\/ul>\n\n\n\n<p>Las aportaciones de las ponentes internacionales reforzaron la idea de que el urbanismo feminista es una herramienta imprescindible para construir ciudades que <strong>no solo funcionen, sino que cuiden<\/strong>.<\/p>\n\n\n\n<p><strong>Con temas clave como:<\/strong><\/p>\n\n\n\n<ul><li><strong>Datos, herramientas y metodolog\u00edas para un urbanismo inclusivo.<\/strong><\/li><li><strong>Arquitecturas del cuidado, gobernanza feminista y derecho al territorio.<\/strong><\/li><li><strong>Retos de las nuevas tecnolog\u00edas, sesgos de la inteligencia artificial urbana y cartograf\u00edas feministas.<\/strong><\/li><\/ul>\n\n\n\n<p>Blanca Moreno Triguero tuvo un papel muy activo y transversal durante el <a href=\"https:\/\/www.google.com\/goto?url=CAESjgEB6zswFfFErfr7xdhXJ6bo7rUgyli_ueb99h_5UPqAIeW1qOq-wDl3ZvmdSzJUo0A4bqwol2v6Ehd9RhQaw1HD1uRc9J2Wu1rB4TJKH70H638BzEeZKwJAzvbWsS08K8LMMJHu8tzPcPil4zlvKXAimNLTzRD5n1TRxuoNyhNxmR-oowOZ5k1qmDN0HqtV\" target=\"_blank\" rel=\"noreferrer noopener\">Congr\u00e9s Internacional d'Urbanisme i G\u00e8nere 2026<\/a>, actuando principalmente como moderadora y dinamizadora de debates clave en las dos jornadas del evento.<\/p>\n\n\n\n<p>Sus aportaciones e intervenciones m\u00e1s destacadas se centraron en los siguientes espacios:<\/p>\n\n\n\n<ol><li><strong>Moderaci\u00f3n de di\u00e1logos de urbanismo feminista:<\/strong> fue la encargada de moderar debates de gran relevancia conceptual, como el di\u00e1logo compartido con la arquitecta y urbanista <strong>Zaida Muix\u00ed Mart\u00ednez<\/strong>, una de las m\u00e1ximas referentes internacionales en la incorporaci\u00f3n de la perspectiva de g\u00e9nero al espacio urbano, y <strong>Raquel Rolnik<\/strong>, arquitecta, urbanista y acad\u00e9mica brasile\u00f1a, experta en pol\u00edticas de vivienda y exrelatora especial de la ONU para el derecho a la vivienda.<\/li><li><strong>Espacio de conversaci\u00f3n: Arquitecturas del cuidado y derecho al territorio: \u00bfqui\u00e9n sostiene el territorio?<\/strong> Con <strong>Ana Fal\u00fa<\/strong>, arquitecta referente en Latinoam\u00e9rica en derecho al h\u00e1bitat y urbanismo con perspectiva de g\u00e9nero, y <strong>Carme Miralles i Guasch<\/strong>, catedr\u00e1tica de Geograf\u00eda Urbana (UAB), especialista en movilidad y desigualdades de g\u00e9nero.<\/li><\/ol>\n\n\n\n<p>Adem\u00e1s, particip\u00f3 en la <strong>clausura y presentaci\u00f3n del relato gr\u00e1fico<\/strong> dise\u00f1ado por la ilustradora <strong>Clara-Tanit Arqu\u00e9 Cardona<\/strong>.<\/p>\n\n\n\n<p>En este espacio se apunt\u00f3 a una necesidad compartida: <strong>continuar impulsando pol\u00edticas urbanas que sit\u00faen la vida en el centro<\/strong>. Esto implica:<\/p>\n\n\n\n<ul><li>Dise\u00f1ar ciudades pensadas para todas las edades y realidades.<\/li><li>Incorporar la perspectiva feminista en todas las fases del planeamiento.<\/li><li>Trabajar de manera transversal entre urbanismo, igualdad, movilidad y servicios sociales.<\/li><li>Garantizar que la ciudadan\u00eda tenga voz en la transformaci\u00f3n urbana.<\/li><\/ul>\n\n\n\n<h2><strong>Un Congreso que deja camino por recorrer<\/strong><\/h2>\n\n\n\n<p>\ud83d\udc9c <strong>Gracias a todas las personas ponentes, profesionales y asistentes por seguir impulsando un urbanismo feminista que sit\u00faa la vida, los cuidados y la igualdad en el centro de las pol\u00edticas p\u00fablicas.<\/strong><\/p>\n\n\n\n<p><\/p>\n\n\n\n<figure class=\"wp-block-embed is-type-video is-provider-youtube wp-block-embed-youtube wp-embed-aspect-16-9 wp-has-aspect-ratio\"><div class=\"wp-block-embed__wrapper\">\n<iframe loading=\"lazy\" title=\"Congr\u00e9s Internacional d\u2019Urbanisme i G\u00e8nere\" width=\"500\" height=\"281\" src=\"https:\/\/www.youtube.com\/embed\/pbaI5rEDAbU?feature=oembed\" frameborder=\"0\" allow=\"accelerometer; autoplay; clipboard-write; encrypted-media; gyroscope; picture-in-picture; web-share\" referrerpolicy=\"strict-origin-when-cross-origin\" allowfullscreen><\/iframe>\n<\/div><\/figure>\n\n\n\n<figure class=\"wp-container-2 wp-block-gallery-1 wp-block-gallery has-nested-images columns-default is-cropped\">\n<figure class=\"wp-block-image size-large\"><img loading=\"lazy\" width=\"8192\" height=\"5464\" data-id=\"8491\"  src=\"https:\/\/consultoriamit.com\/wp-content\/uploads\/2026\/09\/URBANISME-I-GENERE-2-31.jpg\" alt=\"\" class=\"wp-image-8491\" srcset=\"https:\/\/consultoriamit.com\/wp-content\/uploads\/2026\/09\/URBANISME-I-GENERE-2-31.jpg 8192w, https:\/\/consultoriamit.com\/wp-content\/uploads\/2026\/09\/URBANISME-I-GENERE-2-31-300x200.jpg 300w, https:\/\/consultoriamit.com\/wp-content\/uploads\/2026\/09\/URBANISME-I-GENERE-2-31-1024x683.jpg 1024w, https:\/\/consultoriamit.com\/wp-content\/uploads\/2026\/09\/URBANISME-I-GENERE-2-31-768x512.jpg 768w, https:\/\/consultoriamit.com\/wp-content\/uploads\/2026\/09\/URBANISME-I-GENERE-2-31-1536x1025.jpg 1536w\" sizes=\"(max-width: 8192px) 100vw, 8192px\" \/><figcaption>P\u00fablic al Congr\u00e8s Internacional d'Urbanisme i G\u00e8nere 2026<\/figcaption><\/figure>\n\n\n\n<figure class=\"wp-block-image size-large\"><img loading=\"lazy\" width=\"8192\" height=\"5464\" data-id=\"8489\"  src=\"https:\/\/consultoriamit.com\/wp-content\/uploads\/2026\/09\/URBANISME-I-GENERE-2-5.jpg\" alt=\"\" class=\"wp-image-8489\" srcset=\"https:\/\/consultoriamit.com\/wp-content\/uploads\/2026\/09\/URBANISME-I-GENERE-2-5.jpg 8192w, https:\/\/consultoriamit.com\/wp-content\/uploads\/2026\/09\/URBANISME-I-GENERE-2-5-300x200.jpg 300w, https:\/\/consultoriamit.com\/wp-content\/uploads\/2026\/09\/URBANISME-I-GENERE-2-5-1024x683.jpg 1024w, https:\/\/consultoriamit.com\/wp-content\/uploads\/2026\/09\/URBANISME-I-GENERE-2-5-768x512.jpg 768w, https:\/\/consultoriamit.com\/wp-content\/uploads\/2026\/09\/URBANISME-I-GENERE-2-5-1536x1025.jpg 1536w\" sizes=\"(max-width: 8192px) 100vw, 8192px\" \/><figcaption>Blanca Moreno al tancament del Congr\u00e8s Internacional d'Urbanisme i G\u00e8nere 2026<\/figcaption><\/figure>\n\n\n\n<figure class=\"wp-block-image size-large\"><img loading=\"lazy\" width=\"8018\" height=\"5348\" data-id=\"8487\"  src=\"https:\/\/consultoriamit.com\/wp-content\/uploads\/2026\/09\/URBANISME-I-GENERE-1-59.jpg\" alt=\"\" class=\"wp-image-8487\" srcset=\"https:\/\/consultoriamit.com\/wp-content\/uploads\/2026\/09\/URBANISME-I-GENERE-1-59.jpg 8018w, https:\/\/consultoriamit.com\/wp-content\/uploads\/2026\/09\/URBANISME-I-GENERE-1-59-300x200.jpg 300w, https:\/\/consultoriamit.com\/wp-content\/uploads\/2026\/09\/URBANISME-I-GENERE-1-59-1024x683.jpg 1024w, https:\/\/consultoriamit.com\/wp-content\/uploads\/2026\/09\/URBANISME-I-GENERE-1-59-768x512.jpg 768w, https:\/\/consultoriamit.com\/wp-content\/uploads\/2026\/09\/URBANISME-I-GENERE-1-59-1536x1025.jpg 1536w\" sizes=\"(max-width: 8018px) 100vw, 8018px\" \/><figcaption>Taula rodona al Congr\u00e8s Internacional d'Urbanisme i G\u00e8nere 2026<\/figcaption><\/figure>\n<\/figure>\n","protected":false},"excerpt":{"rendered":"<p>Los pasados 2 y 3 de julio tuvo lugar el Congreso Internacional de Urbanismo y G\u00e9nero, un encuentro de referencia impulsado por la Diputaci\u00f3n de Barcelona que reuni\u00f3 a expertas, profesionales y responsables p\u00fablicos para reflexionar sobre c\u00f3mo incorporar la perspectiva feminista en la planificaci\u00f3n urbana. Durante dos jornadas intensas, el congreso situ\u00f3 en el [&hellip;]<\/p>\n","protected":false},"author":12,"featured_media":8486,"comment_status":"open","ping_status":"open","sticky":false,"template":"","format":"standard","meta":[],"categories":[371],"tags":[984,983,592,982,981],"acf":[],"yoast_head":"<!-- This site is optimized with the Yoast SEO plugin v18.5.1 - https:\/\/yoast.com\/wordpress\/plugins\/seo\/ -->\n<title>MiT conduce el Congreso Internacional de Urbanismo y G\u00e9nero: dos d\u00edas para repensar las ciudades desde la vida &raquo; Consultoria MiT<\/title>\n<meta name=\"robots\" content=\"index, follow, max-snippet:-1, max-image-preview:large, max-video-preview:-1\" \/>\n<link rel=\"canonical\" href=\"https:\/\/consultoriamit.com\/es\/mit-condueix-el-congres-internacional-durbanisme-i-genere-dos-dies-per-repensar-les-ciutats-des-de-la-vida\/\" \/>\n<meta property=\"og:locale\" content=\"es_ES\" \/>\n<meta property=\"og:type\" content=\"article\" \/>\n<meta property=\"og:title\" content=\"MiT conduce el Congreso Internacional de Urbanismo y G\u00e9nero: dos d\u00edas para repensar las ciudades desde la vida &raquo; Consultoria MiT\" \/>\n<meta property=\"og:description\" content=\"Los pasados 2 y 3 de julio tuvo lugar el Congreso Internacional de Urbanismo y G\u00e9nero, un encuentro de referencia impulsado por la Diputaci\u00f3n de Barcelona que reuni\u00f3 a expertas, profesionales y responsables p\u00fablicos para reflexionar sobre c\u00f3mo incorporar la perspectiva feminista en la planificaci\u00f3n urbana. Durante dos jornadas intensas, el congreso situ\u00f3 en el [&hellip;]\" \/>\n<meta property=\"og:url\" content=\"https:\/\/consultoriamit.com\/es\/mit-condueix-el-congres-internacional-durbanisme-i-genere-dos-dies-per-repensar-les-ciutats-des-de-la-vida\/\" \/>\n<meta property=\"og:site_name\" content=\"Consultoria MiT\" \/>\n<meta property=\"article:published_time\" content=\"2026-09-02T10:32:49+00:00\" \/>\n<meta property=\"article:modified_time\" content=\"2026-09-02T10:52:52+00:00\" \/>\n<meta property=\"og:image\" content=\"https:\/\/consultoriamit.com\/wp-content\/uploads\/2026\/09\/URBANISME-I-GENERE-1-7.jpg\" \/>\n\t<meta property=\"og:image:width\" content=\"7884\" \/>\n\t<meta property=\"og:image:height\" content=\"5258\" \/>\n\t<meta property=\"og:image:type\" content=\"image\/jpeg\" \/>\n<meta name=\"twitter:card\" content=\"summary_large_image\" \/>\n<meta name=\"twitter:creator\" content=\"@CONSULTORIAMiT\" \/>\n<meta name=\"twitter:site\" content=\"@CONSULTORIAMiT\" \/>\n<meta name=\"twitter:label1\" content=\"Escrito por\" \/>\n\t<meta name=\"twitter:data1\" content=\"Margarida Almeida\" \/>\n\t<meta name=\"twitter:label2\" content=\"Tiempo de lectura\" \/>\n\t<meta name=\"twitter:data2\" content=\"4 minutos\" \/>\n<script type=\"application\/ld+json\" class=\"yoast-schema-graph\">{\"@context\":\"https:\/\/schema.org\",\"@graph\":[{\"@type\":\"WebSite\",\"@id\":\"https:\/\/consultoriamit.com\/es\/#website\",\"url\":\"https:\/\/consultoriamit.com\/es\/\",\"name\":\"Consultoria Mit\",\"description\":\"Consultoria M\u00e8todes i T\u00e8cniques Aplicades\",\"potentialAction\":[{\"@type\":\"SearchAction\",\"target\":{\"@type\":\"EntryPoint\",\"urlTemplate\":\"https:\/\/consultoriamit.com\/es\/?s={search_term_string}\"},\"query-input\":\"required name=search_term_string\"}],\"inLanguage\":\"es\"},{\"@type\":\"ImageObject\",\"@id\":\"https:\/\/consultoriamit.com\/es\/mit-condueix-el-congres-internacional-durbanisme-i-genere-dos-dies-per-repensar-les-ciutats-des-de-la-vida\/#primaryimage\",\"inLanguage\":\"es\",\"url\":\"https:\/\/consultoriamit.com\/wp-content\/uploads\/2026\/09\/URBANISME-I-GENERE-1-7.jpg\",\"contentUrl\":\"https:\/\/consultoriamit.com\/wp-content\/uploads\/2026\/09\/URBANISME-I-GENERE-1-7.jpg\",\"width\":7884,\"height\":5258,\"caption\":\"Congr\u00e8s Internacional d'Urbanisme i G\u00e8nere 2026\"},{\"@type\":\"WebPage\",\"@id\":\"https:\/\/consultoriamit.com\/es\/mit-condueix-el-congres-internacional-durbanisme-i-genere-dos-dies-per-repensar-les-ciutats-des-de-la-vida\/#webpage\",\"url\":\"https:\/\/consultoriamit.com\/es\/mit-condueix-el-congres-internacional-durbanisme-i-genere-dos-dies-per-repensar-les-ciutats-des-de-la-vida\/\",\"name\":\"MiT conduce el Congreso Internacional de Urbanismo y G\u00e9nero: dos d\u00edas para repensar las ciudades desde la vida &raquo; Consultoria MiT\",\"isPartOf\":{\"@id\":\"https:\/\/consultoriamit.com\/es\/#website\"},\"primaryImageOfPage\":{\"@id\":\"https:\/\/consultoriamit.com\/es\/mit-condueix-el-congres-internacional-durbanisme-i-genere-dos-dies-per-repensar-les-ciutats-des-de-la-vida\/#primaryimage\"},\"datePublished\":\"2026-09-02T10:32:49+00:00\",\"dateModified\":\"2026-09-02T10:52:52+00:00\",\"author\":{\"@id\":\"https:\/\/consultoriamit.com\/es\/#\/schema\/person\/e0b8a4e632542afe7d59deaaf48be59a\"},\"breadcrumb\":{\"@id\":\"https:\/\/consultoriamit.com\/es\/mit-condueix-el-congres-internacional-durbanisme-i-genere-dos-dies-per-repensar-les-ciutats-des-de-la-vida\/#breadcrumb\"},\"inLanguage\":\"es\",\"potentialAction\":[{\"@type\":\"ReadAction\",\"target\":[\"https:\/\/consultoriamit.com\/es\/mit-condueix-el-congres-internacional-durbanisme-i-genere-dos-dies-per-repensar-les-ciutats-des-de-la-vida\/\"]}]},{\"@type\":\"BreadcrumbList\",\"@id\":\"https:\/\/consultoriamit.com\/es\/mit-condueix-el-congres-internacional-durbanisme-i-genere-dos-dies-per-repensar-les-ciutats-des-de-la-vida\/#breadcrumb\",\"itemListElement\":[{\"@type\":\"ListItem\",\"position\":1,\"name\":\"Inici\",\"item\":\"https:\/\/consultoriamit.com\/es\/\"},{\"@type\":\"ListItem\",\"position\":2,\"name\":\"MiT conduce el Congreso Internacional de Urbanismo y G\u00e9nero: dos d\u00edas para repensar las ciudades desde la vida\"}]},{\"@type\":\"Person\",\"@id\":\"https:\/\/consultoriamit.com\/es\/#\/schema\/person\/e0b8a4e632542afe7d59deaaf48be59a\",\"name\":\"Margarida Almeida\",\"image\":{\"@type\":\"ImageObject\",\"@id\":\"https:\/\/consultoriamit.com\/es\/#personlogo\",\"inLanguage\":\"es\",\"url\":\"https:\/\/secure.gravatar.com\/avatar\/4a66d51d83f64277b0364758ea790d65?s=96&d=mm&r=g\",\"contentUrl\":\"https:\/\/secure.gravatar.com\/avatar\/4a66d51d83f64277b0364758ea790d65?s=96&d=mm&r=g\",\"caption\":\"Margarida Almeida\"}}]}<\/script>\n<!-- \/ Yoast SEO plugin. -->","yoast_head_json":{"title":"MiT conduce el Congreso Internacional de Urbanismo y G\u00e9nero: dos d\u00edas para repensar las ciudades desde la vida &raquo; Consultoria MiT","robots":{"index":"index","follow":"follow","max-snippet":"max-snippet:-1","max-image-preview":"max-image-preview:large","max-video-preview":"max-video-preview:-1"},"canonical":"https:\/\/consultoriamit.com\/es\/mit-condueix-el-congres-internacional-durbanisme-i-genere-dos-dies-per-repensar-les-ciutats-des-de-la-vida\/","og_locale":"es_ES","og_type":"article","og_title":"MiT conduce el Congreso Internacional de Urbanismo y G\u00e9nero: dos d\u00edas para repensar las ciudades desde la vida &raquo; Consultoria MiT","og_description":"Los pasados 2 y 3 de julio tuvo lugar el Congreso Internacional de Urbanismo y G\u00e9nero, un encuentro de referencia impulsado por la Diputaci\u00f3n de Barcelona que reuni\u00f3 a expertas, profesionales y responsables p\u00fablicos para reflexionar sobre c\u00f3mo incorporar la perspectiva feminista en la planificaci\u00f3n urbana. Durante dos jornadas intensas, el congreso situ\u00f3 en el [&hellip;]","og_url":"https:\/\/consultoriamit.com\/es\/mit-condueix-el-congres-internacional-durbanisme-i-genere-dos-dies-per-repensar-les-ciutats-des-de-la-vida\/","og_site_name":"Consultoria MiT","article_published_time":"2026-09-02T10:32:49+00:00","article_modified_time":"2026-09-02T10:52:52+00:00","og_image":[{"width":7884,"height":5258,"url":"https:\/\/consultoriamit.com\/wp-content\/uploads\/2026\/09\/URBANISME-I-GENERE-1-7.jpg","type":"image\/jpeg"}],"twitter_card":"summary_large_image","twitter_creator":"@CONSULTORIAMiT","twitter_site":"@CONSULTORIAMiT","twitter_misc":{"Escrito por":"Margarida Almeida","Tiempo de lectura":"4 minutos"},"schema":{"@context":"https:\/\/schema.org","@graph":[{"@type":"WebSite","@id":"https:\/\/consultoriamit.com\/es\/#website","url":"https:\/\/consultoriamit.com\/es\/","name":"Consultoria Mit","description":"Consultoria M\u00e8todes i T\u00e8cniques Aplicades","potentialAction":[{"@type":"SearchAction","target":{"@type":"EntryPoint","urlTemplate":"https:\/\/consultoriamit.com\/es\/?s={search_term_string}"},"query-input":"required name=search_term_string"}],"inLanguage":"es"},{"@type":"ImageObject","@id":"https:\/\/consultoriamit.com\/es\/mit-condueix-el-congres-internacional-durbanisme-i-genere-dos-dies-per-repensar-les-ciutats-des-de-la-vida\/#primaryimage","inLanguage":"es","url":"https:\/\/consultoriamit.com\/wp-content\/uploads\/2026\/09\/URBANISME-I-GENERE-1-7.jpg","contentUrl":"https:\/\/consultoriamit.com\/wp-content\/uploads\/2026\/09\/URBANISME-I-GENERE-1-7.jpg","width":7884,"height":5258,"caption":"Congr\u00e8s Internacional d'Urbanisme i G\u00e8nere 2026"},{"@type":"WebPage","@id":"https:\/\/consultoriamit.com\/es\/mit-condueix-el-congres-internacional-durbanisme-i-genere-dos-dies-per-repensar-les-ciutats-des-de-la-vida\/#webpage","url":"https:\/\/consultoriamit.com\/es\/mit-condueix-el-congres-internacional-durbanisme-i-genere-dos-dies-per-repensar-les-ciutats-des-de-la-vida\/","name":"MiT conduce el Congreso Internacional de Urbanismo y G\u00e9nero: dos d\u00edas para repensar las ciudades desde la vida &raquo; Consultoria MiT","isPartOf":{"@id":"https:\/\/consultoriamit.com\/es\/#website"},"primaryImageOfPage":{"@id":"https:\/\/consultoriamit.com\/es\/mit-condueix-el-congres-internacional-durbanisme-i-genere-dos-dies-per-repensar-les-ciutats-des-de-la-vida\/#primaryimage"},"datePublished":"2026-09-02T10:32:49+00:00","dateModified":"2026-09-02T10:52:52+00:00","author":{"@id":"https:\/\/consultoriamit.com\/es\/#\/schema\/person\/e0b8a4e632542afe7d59deaaf48be59a"},"breadcrumb":{"@id":"https:\/\/consultoriamit.com\/es\/mit-condueix-el-congres-internacional-durbanisme-i-genere-dos-dies-per-repensar-les-ciutats-des-de-la-vida\/#breadcrumb"},"inLanguage":"es","potentialAction":[{"@type":"ReadAction","target":["https:\/\/consultoriamit.com\/es\/mit-condueix-el-congres-internacional-durbanisme-i-genere-dos-dies-per-repensar-les-ciutats-des-de-la-vida\/"]}]},{"@type":"BreadcrumbList","@id":"https:\/\/consultoriamit.com\/es\/mit-condueix-el-congres-internacional-durbanisme-i-genere-dos-dies-per-repensar-les-ciutats-des-de-la-vida\/#breadcrumb","itemListElement":[{"@type":"ListItem","position":1,"name":"Inici","item":"https:\/\/consultoriamit.com\/es\/"},{"@type":"ListItem","position":2,"name":"MiT conduce el Congreso Internacional de Urbanismo y G\u00e9nero: dos d\u00edas para repensar las ciudades desde la vida"}]},{"@type":"Person","@id":"https:\/\/consultoriamit.com\/es\/#\/schema\/person\/e0b8a4e632542afe7d59deaaf48be59a","name":"Margarida Almeida","image":{"@type":"ImageObject","@id":"https:\/\/consultoriamit.com\/es\/#personlogo","inLanguage":"es","url":"https:\/\/secure.gravatar.com\/avatar\/4a66d51d83f64277b0364758ea790d65?s=96&d=mm&r=g","contentUrl":"https:\/\/secure.gravatar.com\/avatar\/4a66d51d83f64277b0364758ea790d65?s=96&d=mm&r=g","caption":"Margarida Almeida"}}]}},"_links":{"self":[{"href":"https:\/\/consultoriamit.com\/es\/wp-json\/wp\/v2\/posts\/8495"}],"collection":[{"href":"https:\/\/consultoriamit.com\/es\/wp-json\/wp\/v2\/posts"}],"about":[{"href":"https:\/\/consultoriamit.com\/es\/wp-json\/wp\/v2\/types\/post"}],"author":[{"embeddable":true,"href":"https:\/\/consultoriamit.com\/es\/wp-json\/wp\/v2\/users\/12"}],"replies":[{"embeddable":true,"href":"https:\/\/consultoriamit.com\/es\/wp-json\/wp\/v2\/comments?post=8495"}],"version-history":[{"count":2,"href":"https:\/\/consultoriamit.com\/es\/wp-json\/wp\/v2\/posts\/8495\/revisions"}],"predecessor-version":[{"id":8500,"href":"https:\/\/consultoriamit.com\/es\/wp-json\/wp\/v2\/posts\/8495\/revisions\/8500"}],"wp:featuredmedia":[{"embeddable":true,"href":"https:\/\/consultoriamit.com\/es\/wp-json\/wp\/v2\/media\/8486"}],"wp:attachment":[{"href":"https:\/\/consultoriamit.com\/es\/wp-json\/wp\/v2\/media?parent=8495"}],"wp:term":[{"taxonomy":"category","embeddable":true,"href":"https:\/\/consultoriamit.com\/es\/wp-json\/wp\/v2\/categories?post=8495"},{"taxonomy":"post_tag","embeddable":true,"href":"https:\/\/consultoriamit.com\/es\/wp-json\/wp\/v2\/tags?post=8495"}],"curies":[{"name":"wp","href":"https:\/\/api.w.org\/{rel}","templated":true}]}}